{"id":10161,"date":"2017-06-02T09:00:52","date_gmt":"2017-06-02T09:00:52","guid":{"rendered":"http:\/\/www.bca.ad\/oh-europa\/?lang=es"},"modified":"2017-06-02T09:03:25","modified_gmt":"2017-06-02T09:03:25","slug":"oh-europa","status":"publish","type":"post","link":"https:\/\/www.bca.ad\/es\/oh-europa\/","title":{"rendered":"Oh Europa?"},"content":{"rendered":"<p><span style=\"color: #000000;\"><span style=\"font-family: Calibri;\"><strong>El presidente del BC MoraBanc Andorra, Gorka Aix\u00e0s, ha visitado hoy el programa Aqu\u00ed y ahora de Radio Nacional de Andorra.<\/strong> <span title=\"Bona part de la conversa ha girat a l\u2019entorn del tems m\u00e9s urgent que ara t\u00e9a sobre de la taula el club.\">Buena parte de la conversaci\u00f3n ha girado en torno al temes m\u00e1s urgente que ahora T\u00e9a encima de la mesa el club. <\/span><span title=\"Europa s\u00ed o Europa no.\">Europa s\u00ed o Europa no. <\/span><span title=\"La vuitena pla\u00e7a final a la Lliga Endesa obre de bat a bat les portes de la competici\u00f3 europea als tricolors i ara la decisi\u00f3 est\u00e0 en veure si el projecte del Morabanc Andorra resistir\u00eda l'estress a tots nivell que provocar\u00eda jugar l'Eurocup o la Basketball\">La octava plaza final en la Liga Endesa abre de par en par las puertas de la competici\u00f3n europea a los tricolores y ahora la decisi\u00f3n est\u00e1 en ver si el proyecto del Morabanc Andorra resistir el estr\u00e9s a todos nivel que provocar\u00eda jugar la Eurocup o la Basketball <\/span><span title=\"Champions League.\">Champions League. <\/span><\/span><\/span><span style=\"font-family: Calibri;\"><span title=\"D\u2019altra banda, fins que no es resolgui el tema d\u2019Europa no s\u2019acabar\u00e0 de lligar la continuitat de l\u2019entremador Joan Pe\u00f1arroya, amb qiui ha s\u2019han mantingut converses.\n\u00a0\"><strong><span style=\"color: #000000;\">Por otro lado, hasta que no se resuelva el tema de Europa no se acabar\u00e1 de atar la continuidad de la entremador Joan Pe\u00f1arroya, con quien ya se\u00a0han\u00a0 mantenido conversaciones.<br \/>\n<\/span><\/strong><span style=\"color: #000000;\"> \u00a0<\/span><\/span><span style=\"color: #000000;\"><span title=\"Aix\u00e0s ho ha deixat ben cl\u00f1ar aquest mat\u00ed, \u201cla primera decisi\u00f3 \u00e9s competici\u00f3 europea s\u00ed o no i despr\u00e9s atacarem el tema de l'entrenador&quot;. El dirigent ha explicat que \u201c Europa podria ser un factor que ens fes cr\u00e9ixer una mica m\u00e9s a l\"><strong>Aix\u00e0s lo ha dejado bien claro esta ma\u00f1ana, &#8220;la primera decisi\u00f3n es competici\u00f3n europea s\u00ed o no y luego atacaremos el tema del entrenador&#8221;.<\/strong> El dirigente explic\u00f3 que &#8220;Europa podr\u00eda ser un factor que nos hiciera crecer un poco m\u00e1s a la <\/span><span title=\"'ACB i ens fes m\u00e9s atractius de cara als jugadors, alas que tenim i als que voldr\u00edem contractar&quot;.\">ACB y nos hiciera m\u00e1s atractivos de cara a los jugadores, alas que tenemos ya los que quisi\u00e9ramos contratar &#8220;. <\/span><span title=\"El president del Morabanc Andorra no ha amagat que el cos central de la decisi\u00f3 depen de trobar els recursos necessaris i \u00e9s que la competici\u00f3 europea supopsaria \u201centre 250.000 i 300.000 euros m\u00e9s de pressupost anyal, el que est\u00e0 clar \u00e9s que si no tenim els diners\">El presidente del Morabanc Andorra no ha ocultado que el cuerpo central de la decisi\u00f3n depende de encontrar los recursos necesarios y es que la competici\u00f3n europea supopsaria &#8220;entre 250.000 y 300.000 euros m\u00e1s de presupuesto anual, lo que est\u00e1 claro es que si no tenemos el dinero <\/span><\/span><\/span><span title=\"no hi anriem\u201d.\n\"><span style=\"font-family: Calibri;\"><span style=\"color: #000000;\">no Anri &#8220;.<br \/>\n<\/span> <\/span><\/span><span style=\"font-family: Calibri;\"><span title=\"Sobre el model ACB que ahir proosava el CSD, Aix\u00e0s ha manifestat, \u201cla nostra idea sempre ha estat la lliga de 18. Si \u00e9s de 16 cal veure qu\u00e8 passa amb ascensos i descensos.No est\u00e0 clar&quot;.\n\"><span style=\"color: #000000;\">Sobre el modelo ACB que ayer proosava CSD, Aix\u00e0s manifest\u00f3, <strong>&#8220;nuestra idea siempre ha sido la liga de 18. Si es de 16 hay que ver qu\u00e9 pasa con ascensos y descensos.No est\u00e1 claro&#8221;.<\/strong><br \/>\n<\/span> <\/span><span title=\"Gorka Aix\u00e0s ha lliurat una samarreta del club \u00c0lex LLiteras amnb el seu nom i el dorsal 3001 com a felicitaci\u00f3 pel locutor que ahir va celebrar el programa 3000 en antena.\"><span style=\"color: #000000;\">Gorka Aix\u00e0s ha entregado una camiseta del club \u00c0lex Lliteras amnb su nombre y el dorsal 3001 como felicitaci\u00f3n por el locutor que ayer celebr\u00f3 el programa 3000 en antena.<\/span><\/span><\/span><\/p>\n<p>&nbsp;<\/p>\n","protected":false},"excerpt":{"rendered":"<p>El presidente del BC MoraBanc Andorra, Gorka Aix\u00e0s, ha visitado hoy el programa Aqu\u00ed y ahora de Radio Nacional de Andorra. Buena parte de la conversaci\u00f3n ha girado en torno al temes m\u00e1s urgente que ahora T\u00e9a encima de la mesa el club. Europa s\u00ed o Europa no. La octava plaza final en la Liga [&hellip;]<\/p>\n","protected":false},"author":102,"featured_media":10159,"comment_status":"closed","ping_status":"closed","sticky":false,"template":"","format":"standard","meta":{"om_disable_all_campaigns":false,"inline_featured_image":false,"_monsterinsights_skip_tracking":false,"_monsterinsights_sitenote_active":false,"_monsterinsights_sitenote_note":"","_monsterinsights_sitenote_category":0,"_uf_show_specific_survey":0,"_uf_disable_surveys":false,"footnotes":""},"categories":[150,109],"tags":[152,325,606,239,560,177,243,205,521,347,163,384,510],"class_list":["post-10161","post","type-post","status-publish","format-standard","has-post-thumbnail","hentry","category-basquet-club-andorra-es","category-morabanc-andorra-es","tag-acb-es","tag-acbandorra-es","tag-albicy-es","tag-francesc-solana-ca-es","tag-gorka-aixas-es-es","tag-joan-penarroya-es","tag-liga-endesa-es","tag-morabanc-andorra","tag-morabanc-andorra-es2","tag-navarro-es","tag-penarroya-es","tag-schreiner-es","tag-shermadini-es"],"aioseo_notices":[],"_links":{"self":[{"href":"https:\/\/www.bca.ad\/es\/wp-json\/wp\/v2\/posts\/10161","targetHints":{"allow":["GET"]}}],"collection":[{"href":"https:\/\/www.bca.ad\/es\/wp-json\/wp\/v2\/posts"}],"about":[{"href":"https:\/\/www.bca.ad\/es\/wp-json\/wp\/v2\/types\/post"}],"author":[{"embeddable":true,"href":"https:\/\/www.bca.ad\/es\/wp-json\/wp\/v2\/users\/102"}],"replies":[{"embeddable":true,"href":"https:\/\/www.bca.ad\/es\/wp-json\/wp\/v2\/comments?post=10161"}],"version-history":[{"count":0,"href":"https:\/\/www.bca.ad\/es\/wp-json\/wp\/v2\/posts\/10161\/revisions"}],"wp:featuredmedia":[{"embeddable":true,"href":"https:\/\/www.bca.ad\/es\/wp-json\/wp\/v2\/media\/10159"}],"wp:attachment":[{"href":"https:\/\/www.bca.ad\/es\/wp-json\/wp\/v2\/media?parent=10161"}],"wp:term":[{"taxonomy":"category","embeddable":true,"href":"https:\/\/www.bca.ad\/es\/wp-json\/wp\/v2\/categories?post=10161"},{"taxonomy":"post_tag","embeddable":true,"href":"https:\/\/www.bca.ad\/es\/wp-json\/wp\/v2\/tags?post=10161"}],"curies":[{"name":"wp","href":"https:\/\/api.w.org\/{rel}","templated":true}]}}