{"id":10331,"date":"2017-07-16T15:53:43","date_gmt":"2017-07-16T15:53:43","guid":{"rendered":"http:\/\/www.bca.ad\/?p=10331&#038;lang=es"},"modified":"2017-07-16T15:53:43","modified_gmt":"2017-07-16T15:53:43","slug":"llega-jaka-blazic","status":"publish","type":"post","link":"https:\/\/www.bca.ad\/es\/llega-jaka-blazic\/","title":{"rendered":"Llega Jaka BLAZIC"},"content":{"rendered":"<p>El BC MoraBanc Andorra ha cerrado la incorporaci\u00f3n del escolta esloveno Jaka Blazic, que las dos \u00faltimas temporadas ha jugado en el Baskonia.<\/p>\n<p>Blazic es un escolta de 1.96 de 27 a\u00f1os con una amplia experiencia en los grandes escenarios ya que ha sido jugador de Euroliga con el Baskonia pero tambi\u00e9n con el Estrella Roja de Belgrado y con el Olimpia Liubjana. Tambi\u00e9n ha jugado la Eurocup, la competici\u00f3n que compaginar\u00e1 con la ACB el MoraBanc Andorra esta temporada. En su carrera ha sido campe\u00f3n de la Copa y la liga eslovena, la copa serbia y la liga adri\u00e1tica. Es internacional con la selecci\u00f3n eslovena.<\/p>\n<p><strong>&#8220;Se trata de un jugador importante que viene a asumir un rol destacado en nuestro juego exterior&#8221;<\/strong> apunta el GM del club Francesc Solana. <strong>&#8220;Es un jugador intenso con mucha capacidad defensiva y con mucho talento, adem\u00e1s su entrega le ha hecho conectar con la afici\u00f3n de sus anteriores clubs&#8221;<\/strong> ha completado Solana sobre la primera incorporaci\u00f3n del MoraBanc Andorra esta temporada.<\/p>\n<p>En las dos temporadas ACB, Blazic ha jugado 16 minutos de media por partido anotando 6.2 puntos y valorando 4.6.<\/p>\n","protected":false},"excerpt":{"rendered":"<p>El BC MoraBanc Andorra ha cerrado la incorporaci\u00f3n del escolta esloveno Jaka Blazic, que las dos \u00faltimas temporadas ha jugado en el Baskonia. Blazic es un escolta de 1.96 de 27 a\u00f1os con una amplia experiencia en los grandes escenarios ya que ha sido jugador de Euroliga con el Baskonia pero tambi\u00e9n con el Estrella [&hellip;]<\/p>\n","protected":false},"author":102,"featured_media":10329,"comment_status":"closed","ping_status":"closed","sticky":false,"template":"","format":"standard","meta":{"om_disable_all_campaigns":false,"inline_featured_image":false,"_monsterinsights_skip_tracking":false,"_monsterinsights_sitenote_active":false,"_monsterinsights_sitenote_note":"","_monsterinsights_sitenote_category":0,"_uf_show_specific_survey":0,"_uf_disable_surveys":false,"footnotes":""},"categories":[150,109],"tags":[152,715,174,721],"class_list":["post-10331","post","type-post","status-publish","format-standard","has-post-thumbnail","hentry","category-basquet-club-andorra-es","category-morabanc-andorra-es","tag-acb-es","tag-eurocup-es","tag-francesc-solana","tag-jaka-blazic-es"],"aioseo_notices":[],"_links":{"self":[{"href":"https:\/\/www.bca.ad\/es\/wp-json\/wp\/v2\/posts\/10331","targetHints":{"allow":["GET"]}}],"collection":[{"href":"https:\/\/www.bca.ad\/es\/wp-json\/wp\/v2\/posts"}],"about":[{"href":"https:\/\/www.bca.ad\/es\/wp-json\/wp\/v2\/types\/post"}],"author":[{"embeddable":true,"href":"https:\/\/www.bca.ad\/es\/wp-json\/wp\/v2\/users\/102"}],"replies":[{"embeddable":true,"href":"https:\/\/www.bca.ad\/es\/wp-json\/wp\/v2\/comments?post=10331"}],"version-history":[{"count":0,"href":"https:\/\/www.bca.ad\/es\/wp-json\/wp\/v2\/posts\/10331\/revisions"}],"wp:featuredmedia":[{"embeddable":true,"href":"https:\/\/www.bca.ad\/es\/wp-json\/wp\/v2\/media\/10329"}],"wp:attachment":[{"href":"https:\/\/www.bca.ad\/es\/wp-json\/wp\/v2\/media?parent=10331"}],"wp:term":[{"taxonomy":"category","embeddable":true,"href":"https:\/\/www.bca.ad\/es\/wp-json\/wp\/v2\/categories?post=10331"},{"taxonomy":"post_tag","embeddable":true,"href":"https:\/\/www.bca.ad\/es\/wp-json\/wp\/v2\/tags?post=10331"}],"curies":[{"name":"wp","href":"https:\/\/api.w.org\/{rel}","templated":true}]}}