{"id":10435,"date":"2017-08-18T18:13:34","date_gmt":"2017-08-18T18:13:34","guid":{"rendered":"http:\/\/www.bca.ad\/arrenca-un-nou-somni\/"},"modified":"2017-08-18T18:16:56","modified_gmt":"2017-08-18T18:16:56","slug":"arrenca-un-nou-somni","status":"publish","type":"post","link":"https:\/\/www.bca.ad\/es\/arrenca-un-nou-somni\/","title":{"rendered":"Arranca un nuevo sue\u00f1o"},"content":{"rendered":"<p><span style=\"color: #000000; font-family: Calibri;\"><strong>El BC MoraBanc Andorra 17\/18 ha comenzado hoy a andar desbordante de ilusi\u00f3n en una temporada hist\u00f3rica en la que el club volver\u00e1 a jugar competiciones europeas 20 a\u00f1os despu\u00e9s<\/strong>. La primera sesi\u00f3n de entrenamiento de la temporada ha comenzado despu\u00e9s de un minuto de silencio por el atentado de ayer en Barcelona.<\/span><\/p>\n<p><span style=\"color: #000000; font-family: Calibri;\"><strong>Ha sido una primera sesi\u00f3n con muchas caras nuevas y las ausencias de los dos jugadores que disputar\u00e1n la fase final del campeonato de Europa: Karnorwsky y Blazic<\/strong>. El resto de los miembros de la plantilla, tras superar las revisiones m\u00e9dicas, ya han comenzado a trabajar hoy a las \u00f3rdenes de Joan Pe\u00f1arroya con la excepci\u00f3n de Beqa Burjanadze. El ala-p\u00edvot georgiano debe terminar la rehabilitaci\u00f3n de la lesi\u00f3n en la rodilla derecha que le ha impedido jugar el campeonato de Europa.<\/span><\/p>\n<p><span style=\"color: #000000; font-family: Calibri;\">S\u00ed pisaron el parqu\u00e9 de la Bombonera ya como jugadores del MoraBanc Andorra las nuevas incorporaciones Moussa Diagne, Vladimir Jankovic, John Shurna y Jaime Fern\u00e1ndez. El ex jugador de Movistar Estudiantes ha sido la gran atracci\u00f3n de la sesi\u00f3n por los medios por que se ejercit\u00f3 apenas unas horas despu\u00e9s de que se hiciera oficial su fichaje en uno de los seriales del verano en el mercado del baloncesto espa\u00f1ol.<\/span><\/p>\n<p><span style=\"color: #000000; font-family: Calibri;\">&#8220;<strong>Estamos contentos, posiblemente nunca hab\u00edamos tenido una plantilla con estos nombres en el MoraBanc Andorra y nuestra intenci\u00f3n ser\u00e1 hacer buen baloncesto y trabajar para funcionar lo mejor posible como equipo&#8221; afirm\u00f3 Joan Pe\u00f1arroya.<\/strong> Sobre Jaime Fern\u00e1ndez, el t\u00e9cnico del MoraBanc Andorra ha manifestado que &#8220;se trata de un jugador contrastado en la ACB que sale de su zona de confort para dar un paso adelante y llevar la direcci\u00f3n del equipo con Albicy&#8221;. Pe\u00f1arroya ha destacado &#8220;la progresi\u00f3n de la entidad que ahora da acceso a jugadores que antes eran impensables y no s\u00f3lo a nivel econ\u00f3mico&#8221;. Sobre las posibilidades del equipo, el entrenador tricolor expuso que &#8220;tenemos una buena plantilla pero jugamos una competici\u00f3n donde hay muchas buenas plantillas&#8221;.<\/span><\/p>\n<p><span style=\"color: #000000; font-family: Calibri;\"><strong>El objetivo del equipo volver\u00e1 a ser competir al m\u00e1ximo y seguir ilusionando a los aficionados<\/strong> andorranos despu\u00e9s de haber disfrutado mucho la temporada anterior.<\/span><\/p>\n<p>&nbsp;<\/p>\n","protected":false},"excerpt":{"rendered":"<p>El BC MoraBanc Andorra 17\/18 ha comenzado hoy a andar desbordante de ilusi\u00f3n en una temporada hist\u00f3rica en la que el club volver\u00e1 a jugar competiciones europeas 20 a\u00f1os despu\u00e9s. La primera sesi\u00f3n de entrenamiento de la temporada ha comenzado despu\u00e9s de un minuto de silencio por el atentado de ayer en Barcelona. Ha sido [&hellip;]<\/p>\n","protected":false},"author":102,"featured_media":10433,"comment_status":"closed","ping_status":"closed","sticky":false,"template":"","format":"standard","meta":{"om_disable_all_campaigns":false,"inline_featured_image":false,"_monsterinsights_skip_tracking":false,"_monsterinsights_sitenote_active":false,"_monsterinsights_sitenote_note":"","_monsterinsights_sitenote_category":0,"_uf_show_specific_survey":0,"_uf_disable_surveys":false,"footnotes":""},"categories":[150,109],"tags":[152,325,606,239,560,752,755,620,177,243,521,739,756,624],"class_list":["post-10435","post","type-post","status-publish","format-standard","has-post-thumbnail","hentry","category-basquet-club-andorra-es","category-morabanc-andorra-es","tag-acb-es","tag-acbandorra-es","tag-albicy-es","tag-francesc-solana-ca-es","tag-gorka-aixas-es-es","tag-jaime-es","tag-jankovic-es","tag-jelinek-es","tag-joan-penarroya-es","tag-liga-endesa-es","tag-morabanc-andorra-es2","tag-moussa-es","tag-shurna-es","tag-walker-es"],"aioseo_notices":[],"_links":{"self":[{"href":"https:\/\/www.bca.ad\/es\/wp-json\/wp\/v2\/posts\/10435","targetHints":{"allow":["GET"]}}],"collection":[{"href":"https:\/\/www.bca.ad\/es\/wp-json\/wp\/v2\/posts"}],"about":[{"href":"https:\/\/www.bca.ad\/es\/wp-json\/wp\/v2\/types\/post"}],"author":[{"embeddable":true,"href":"https:\/\/www.bca.ad\/es\/wp-json\/wp\/v2\/users\/102"}],"replies":[{"embeddable":true,"href":"https:\/\/www.bca.ad\/es\/wp-json\/wp\/v2\/comments?post=10435"}],"version-history":[{"count":0,"href":"https:\/\/www.bca.ad\/es\/wp-json\/wp\/v2\/posts\/10435\/revisions"}],"wp:featuredmedia":[{"embeddable":true,"href":"https:\/\/www.bca.ad\/es\/wp-json\/wp\/v2\/media\/10433"}],"wp:attachment":[{"href":"https:\/\/www.bca.ad\/es\/wp-json\/wp\/v2\/media?parent=10435"}],"wp:term":[{"taxonomy":"category","embeddable":true,"href":"https:\/\/www.bca.ad\/es\/wp-json\/wp\/v2\/categories?post=10435"},{"taxonomy":"post_tag","embeddable":true,"href":"https:\/\/www.bca.ad\/es\/wp-json\/wp\/v2\/tags?post=10435"}],"curies":[{"name":"wp","href":"https:\/\/api.w.org\/{rel}","templated":true}]}}