{"id":10650,"date":"2017-09-22T11:55:09","date_gmt":"2017-09-22T11:55:09","guid":{"rendered":"http:\/\/www.bca.ad\/blazic-ho-posarem-tot-a-la-pista-jugarem-amb-el-cor\/"},"modified":"2017-09-22T11:57:41","modified_gmt":"2017-09-22T11:57:41","slug":"blazic-ho-posarem-tot-a-la-pista-jugarem-amb-el-cor","status":"publish","type":"post","link":"https:\/\/www.bca.ad\/es\/blazic-ho-posarem-tot-a-la-pista-jugarem-amb-el-cor\/","title":{"rendered":"Blazic: &#8220;lo pondremos todo en la pista, jugaremos con el coraz\u00f3n&#8221;"},"content":{"rendered":"<p><strong>El MoraBanc Andorra ha celebrado este mediod\u00eda una de las presentaciones m\u00e1s ilusionantes de los \u00faltimos tiempos para que el jugador que llega ha demostrado sobradamente su calidad pero tambi\u00e9n porque hace apenas formava parte destacada del equipo nacional esloveno<\/strong> que ha maravillado al mundo del baloncesto consiguiendo ganar el Eurobasket. Jaka Blazic, por tanto, llega con un pan bajo el brazo al conjunto tricolor y su presencia parece una de las apuestas seguras realizadas por esta temporada por el General Manager, Francesc Solana. &#8220;Es un jugador que entusiasma&#8221; ha explicado el propio <strong>Solana refiri\u00e9ndose a Blazic y lo ha completado exponiendo que &#8220;siempre ha conectado mucho con la afici\u00f3n en los lugares donde ha jugado y esperamos que nos ayude mucho en una temporada muy importante para nosotros<\/strong> &#8220;. De hecho, Solana se ha referido a todo el equipo como &#8220;una plantilla que nos ha de hacer vibrar, esperamos que nos lo pasamos tan bien como la temporada pasada&#8221;. &#8220;Llevaba dos temporadas con roles muy definidos y me apetec\u00eda una propuesta diferente como la del MoraBanc donde vengo a disfrutar del baloncesto&#8221; explic\u00f3 Jaka Blazic, que ha a\u00f1adido que &#8220;las llamadas de Juan Pe\u00f1arrota y Francesc Solana me convencieron para firmar , adem\u00e1s el MoraBanc fue el primer equipo que se interes\u00f3 por m\u00ed cuando romp\u00ed mi contrato con Baskonia &#8220;. El nuevo jugador del MoraBanc Andorra ha hablado de la reciente victoria de Eslovenia &#8220;no es f\u00e1cil explicar c\u00f3mo hemos sentido el apoyo de todo un pa\u00eds, ha sido incre\u00edble&#8221;. El escolta tambi\u00e9n ha sonre\u00eddo cuando le han preguntado por las pocas vacaciones que ha hecho &#8220;para m\u00ed el Eurobasket es como haber estado de vacaciones&#8221;. <strong>Blazic ha charlado tambi\u00e9n de la buena salud del vestuario que se ha encontrado &#8220;desde el primer momento me he encontrado ujn grupo de gente que est\u00e1 a gusto y que hace bromas, debemos ser hermanos dentro y fuera de la pista y este es uno de los secretos para que un equipo funcione &#8220;.<\/strong> En un mensaje a los aficionados de la Bombonera \u201clo pondremos todo en la pista, jugaremos con el coraz\u00f3n\u201d. Blazic debut\u00f3 ayer en un partido a puerta cerrada contra el Clavijo y domingo a Borges Blanques (18h) jugar\u00e1 su segundo partido como tricolor.<\/p>\n","protected":false},"excerpt":{"rendered":"<p>El MoraBanc Andorra ha celebrado este mediod\u00eda una de las presentaciones m\u00e1s ilusionantes de los \u00faltimos tiempos para que el jugador que llega ha demostrado sobradamente su calidad pero tambi\u00e9n porque hace apenas formava parte destacada del equipo nacional esloveno que ha maravillado al mundo del baloncesto consiguiendo ganar el Eurobasket. Jaka Blazic, por tanto, [&hellip;]<\/p>\n","protected":false},"author":102,"featured_media":10648,"comment_status":"closed","ping_status":"closed","sticky":false,"template":"","format":"standard","meta":{"om_disable_all_campaigns":false,"inline_featured_image":false,"_monsterinsights_skip_tracking":false,"_monsterinsights_sitenote_active":false,"_monsterinsights_sitenote_note":"","_monsterinsights_sitenote_category":0,"_uf_show_specific_survey":0,"_uf_disable_surveys":false,"footnotes":""},"categories":[150,109],"tags":[152,325,768,239,560,177,243,521,163,624],"class_list":["post-10650","post","type-post","status-publish","format-standard","has-post-thumbnail","hentry","category-basquet-club-andorra-es","category-morabanc-andorra-es","tag-acb-es","tag-acbandorra-es","tag-blazic-es","tag-francesc-solana-ca-es","tag-gorka-aixas-es-es","tag-joan-penarroya-es","tag-liga-endesa-es","tag-morabanc-andorra-es2","tag-penarroya-es","tag-walker-es"],"aioseo_notices":[],"_links":{"self":[{"href":"https:\/\/www.bca.ad\/es\/wp-json\/wp\/v2\/posts\/10650","targetHints":{"allow":["GET"]}}],"collection":[{"href":"https:\/\/www.bca.ad\/es\/wp-json\/wp\/v2\/posts"}],"about":[{"href":"https:\/\/www.bca.ad\/es\/wp-json\/wp\/v2\/types\/post"}],"author":[{"embeddable":true,"href":"https:\/\/www.bca.ad\/es\/wp-json\/wp\/v2\/users\/102"}],"replies":[{"embeddable":true,"href":"https:\/\/www.bca.ad\/es\/wp-json\/wp\/v2\/comments?post=10650"}],"version-history":[{"count":0,"href":"https:\/\/www.bca.ad\/es\/wp-json\/wp\/v2\/posts\/10650\/revisions"}],"wp:featuredmedia":[{"embeddable":true,"href":"https:\/\/www.bca.ad\/es\/wp-json\/wp\/v2\/media\/10648"}],"wp:attachment":[{"href":"https:\/\/www.bca.ad\/es\/wp-json\/wp\/v2\/media?parent=10650"}],"wp:term":[{"taxonomy":"category","embeddable":true,"href":"https:\/\/www.bca.ad\/es\/wp-json\/wp\/v2\/categories?post=10650"},{"taxonomy":"post_tag","embeddable":true,"href":"https:\/\/www.bca.ad\/es\/wp-json\/wp\/v2\/tags?post=10650"}],"curies":[{"name":"wp","href":"https:\/\/api.w.org\/{rel}","templated":true}]}}