{"id":10856,"date":"2017-10-13T11:53:39","date_gmt":"2017-10-13T11:53:39","guid":{"rendered":"http:\/\/www.bca.ad\/el-somni-europeu-de-jaka-blazic\/"},"modified":"2017-10-13T11:57:00","modified_gmt":"2017-10-13T11:57:00","slug":"el-somni-europeu-de-jaka-blazic","status":"publish","type":"post","link":"https:\/\/www.bca.ad\/es\/el-somni-europeu-de-jaka-blazic\/","title":{"rendered":"El sue\u00f1o europeo de Jaka Blazic"},"content":{"rendered":"<p><strong><span title=\"\u201cDespr\u00e9s de l\u2019Eurobasket, els membres de l\u2019equip nacional som germans per sempre\u201d\n\"><span style=\"font-family: Calibri;\">\u00a0<\/span><\/span><\/strong><span style=\"font-family: Calibri;\"><span title=\"-Qu\u00e8 li queda a dia d\u2019avui d\u2019una experi\u00e8ncia aix\u00ed?\n\"><span style=\"color: #000000;\"><strong>-\u00bfQu\u00e9 le queda a d\u00eda de hoy de una experiencia as\u00ed?<\/strong><br \/>\n<\/span> <\/span><span title=\"-S\u00f3n records per a tota la vida, va ser una experi\u00e8ncia incre\u00efble.\"><span style=\"color: #000000;\">-Son recuerdos para toda la vida, fue una experiencia incre\u00edble. <\/span><\/span><\/span><span title=\"Puc dir que amb els membres d\u2019aquest equip ja som com germans per sempre.\n\"><span style=\"font-family: Calibri;\"><span style=\"color: #000000;\">Puedo decir que con los miembros de este equipo ya somos como hermanos para siempre.<br \/>\n<\/span> <\/span><\/span><span style=\"font-family: Calibri;\"><span title=\"-El seu \u00e9s un pa\u00eds de dos milions d\u2019habitants, qu\u00e8 representa aix\u00f2?\n\"><span style=\"color: #000000;\">&#8211;<strong>Eslovenia es un pa\u00eds de dos millones de habitantes, que representa esto?<\/strong><br \/>\n<\/span> <\/span><span style=\"color: #000000;\"><span title=\"-\u00c9s molt gran pel nostre pa\u00eds, han passat ja dues setmanes i tothom en segueix parlant.\">-Es muy grande para nuestro pa\u00eds, han pasado ya dos semanas y todo el mundo sigue hablando. <\/span><span title=\"Crec que hem fet la vida dels nostres compatriotes millor, m\u00e9s alegre, ni que sigui per uns dies.\">Creo que hemos hecho la vida de nuestros compatriotas mejor, m\u00e1s alegre, aunque sea por unos d\u00edas. <\/span><span title=\"Per aix\u00f2 juguem a b\u00e0squet, per fer que la gent estigui contenta.\">Por eso jugamos a baloncesto, para hacer que la gente est\u00e9 contenta. <\/span><\/span><\/span><span title=\"\u00c9s un \u00e8xit molt gran per a Eslov\u00e8nia i \u00e9s nou pel b\u00e0squet europeu.\n\"><span style=\"font-family: Calibri;\"><span style=\"color: #000000;\">Es un \u00e9xito muy grande para Eslovenia y es nuevo para el baloncesto europeo.<br \/>\n<\/span> <\/span><\/span><span style=\"font-family: Calibri;\"><span title=\"-Quan l\u2019equip va comen\u00e7ar la feina el mes de juliol pens\u00e0veu que era possible aconseguir un \u00e8xit d\u2019aquesta envergadura?\n\"><span style=\"color: #000000;\"><strong>-Cuando el equipo comenz\u00f3 el trabajo el mes de julio pensabais que era posible conseguir un \u00e9xito de esta envergadura?<\/strong><br \/>\n<\/span> <\/span><span style=\"color: #000000;\"><span title=\"-S\u2019ha de recon\u00e8ixer que el General Manager de l\u2019equip eslov\u00e8 va dir des del primer moment que an\u00e0vem per medalla, era ambici\u00f3s.\">-Hay que reconocer que el General Manager del equipo esloveno dijo desde el primer momento que \u00edbamos por medalla, era ambicioso. <\/span><span title=\"Des del primer moment vam veure que, comen\u00e7ant per l\u2019entrenador, an\u00e0vem molt seriosament.\">Desde el primer momento vimos que, empezando por el entrenador, \u00edbamos muy en serio. <\/span><\/span><\/span><span title=\"I de mica en mica ens ho vam acabar creient tots i vam acabar competint per guanyar tots els partits.\n\"><span style=\"font-family: Calibri;\"><span style=\"color: #000000;\">Y poco a poco nos lo acabamos creyendo todos y terminamos compitiendo para ganar todos los partidos.<br \/>\n<\/span> <\/span><\/span><span style=\"font-family: Calibri;\"><span title=\"-La celebraci\u00f3 va ser incre\u00efble, oi?\n\"><span style=\"color: #000000;\"><strong>-La celebraci\u00f3n fue incre\u00edble, \u00bfverdad?<\/strong><br \/>\n<\/span> <\/span><span style=\"color: #000000;\"><span title=\"-Des que vam aterrar a Eslov\u00e8nia va ser tot molt gran.\">-Desde que aterrizamos en Eslovenia fue todo muy grande. <\/span><span title=\"La mitja hora amb bus fins arribar a Lujbiana, on ens esperaven 30.000 persones al carrer, imagina-t\u2019ho.\">La media hora en bus hasta llegar a Lujbiana, donde nos esperaban 30.000 personas en la calle, imagina usted mismo. <\/span><span title=\"Despr\u00e9s vam fer un sopar i una festa d\u2019equip.\">Despu\u00e9s hicimos una cena y una fiesta de equipo. <\/span><\/span><\/span><span style=\"font-family: Calibri;\"><span title=\"I la veritat \u00e9s que ja no vam poder celebrar-ho m\u00e9s perqu\u00e8 tots ens hav\u00edem d\u2019incorporar als nostres clubs perqu\u00e8 comen\u00e7ava la temporada.\n\"><span style=\"color: #000000;\">Y la verdad es que ya no pudimos celebrarlo m\u00e1s que todos nos ten\u00edamos que incorporar a nuestros clubes para que comenzaba la temporada.<br \/>\n<\/span> <\/span><strong><span title=\"-Parlem d\u2019alguns dels seus companys a l\u2019equip nacional.\"><span style=\"color: #000000;\">-Hablemos de algunos de sus compa\u00f1eros en el equipo nacional. <\/span><\/span><\/strong><\/span><span style=\"font-family: Calibri;\"><span title=\"Goran Dragic.\n\"><span style=\"color: #000000;\"><strong>Goran Dragic.<\/strong><br \/>\n<\/span> <\/span><span style=\"color: #000000;\"><span title=\"-Primer de tot \u00e9s que una persona humil.\">-Ante todo es que una persona humilde. <\/span><span title=\"Per mi \u00e9s el millor jugador d\u2019Europa.\">Para m\u00ed es el mejor jugador de Europa. <\/span><span title=\"\u00c9s una persona que treballa per l\u2019equip i per ajudar-te sempre a millorar dins i fora de la pista.\">Es una persona que trabaja para el equipo y para ayudarte siempre a mejorar dentro y fuera de la pista. <\/span><\/span><\/span><span title=\"Jo li estic molt agra\u00eft.\n\"><span style=\"font-family: Calibri;\"><span style=\"color: #000000;\">Yo le estoy muy agradecido.<br \/>\n<\/span> <\/span><\/span><span style=\"font-family: Calibri;\"><span title=\"-Sobre Luka Doncic, Spanoulis va dir que \u00e9s un jugador d\u2019aquells que surt un cop cada 15 anys.\n\"><span style=\"color: #000000;\"><strong>-Sobre Luka Doncic, Spanoulis dijo que es un jugador de los que sale una vez cada 15 a\u00f1os.<\/strong><br \/>\n<\/span> <\/span><span style=\"color: #000000;\"><span title=\"-\u00c9s \u00fanic, \u00e9s clar.\">-Es \u00fanico, claro. <\/span><span title=\"Hem de dir que estem parlant d\u2019un xicot positiu, que transmet aix\u00f2 a l\u2019equip.\">Hemos de decir que estamos hablando de un muchacho positivo, que transmite esto al equipo. <\/span><span title=\"Durant el campionat va estar amb febre uns dies i igualment sempre portava un somriure dibuixat a la cara.\">Durante el campeonato estuvo con fiebre unos d\u00edas e igualmente siempre llevaba una sonrisa dibujada en la cara. <\/span><\/span><\/span><span title=\"Espero que tot li vagi molt b\u00e9, de fet crec que les coses nom\u00e9s li poden anar b\u00e9.\n\"><span style=\"font-family: Calibri;\"><span style=\"color: #000000;\">Espero que todo le vaya muy bien, de hecho creo que las cosas s\u00f3lo le pueden ir bien.<br \/>\n<\/span> <\/span><\/span><span style=\"font-family: Calibri;\"><span title=\"-Qu\u00e8 \u00e9s el b\u00e0squet per a Eslov\u00e8nia?\n\"><span style=\"color: #000000;\"><strong>-\u00bfQu\u00e9 es el baloncesto para Eslovenia?<\/strong><br \/>\n<\/span> <\/span><span style=\"color: #000000;\"><span title=\"-Crec que \u00e9s una cosa molt important.\">-Creo que es algo muy importante. <\/span><span title=\"Ens fa estar junts.\">Nos hace estar juntos. <\/span><span title=\"Tenim tot el pa\u00eds al darrere quan juguem, animant-nos.\">Tenemos todo el pa\u00eds detr\u00e1s cuando jugamos, anim\u00e1ndonos. <\/span><span title=\"Espero que aquesta medalla d\u2019or impulsi encara m\u00e9s nens i nenes a jugar a b\u00e0squet i en uns anys encara tinguem millor equip.\">Espero que esta medalla de oro impulse a\u00fan m\u00e1s ni\u00f1os y ni\u00f1as a jugar al baloncesto y en unos a\u00f1os a\u00fan tengamos mejor equipo.<\/span><\/span><\/span><\/p>\n<p>&nbsp;<\/p>\n","protected":false},"excerpt":{"rendered":"<p>\u00a0-\u00bfQu\u00e9 le queda a d\u00eda de hoy de una experiencia as\u00ed? -Son recuerdos para toda la vida, fue una experiencia incre\u00edble. Puedo decir que con los miembros de este equipo ya somos como hermanos para siempre. &#8211;Eslovenia es un pa\u00eds de dos millones de habitantes, que representa esto? -Es muy grande para nuestro pa\u00eds, han [&hellip;]<\/p>\n","protected":false},"author":102,"featured_media":10854,"comment_status":"closed","ping_status":"closed","sticky":false,"template":"","format":"standard","meta":{"om_disable_all_campaigns":false,"inline_featured_image":false,"_monsterinsights_skip_tracking":false,"_monsterinsights_sitenote_active":false,"_monsterinsights_sitenote_note":"","_monsterinsights_sitenote_category":0,"_uf_show_specific_survey":0,"_uf_disable_surveys":false,"footnotes":""},"categories":[150,109],"tags":[721],"class_list":["post-10856","post","type-post","status-publish","format-standard","has-post-thumbnail","hentry","category-basquet-club-andorra-es","category-morabanc-andorra-es","tag-jaka-blazic-es"],"aioseo_notices":[],"_links":{"self":[{"href":"https:\/\/www.bca.ad\/es\/wp-json\/wp\/v2\/posts\/10856","targetHints":{"allow":["GET"]}}],"collection":[{"href":"https:\/\/www.bca.ad\/es\/wp-json\/wp\/v2\/posts"}],"about":[{"href":"https:\/\/www.bca.ad\/es\/wp-json\/wp\/v2\/types\/post"}],"author":[{"embeddable":true,"href":"https:\/\/www.bca.ad\/es\/wp-json\/wp\/v2\/users\/102"}],"replies":[{"embeddable":true,"href":"https:\/\/www.bca.ad\/es\/wp-json\/wp\/v2\/comments?post=10856"}],"version-history":[{"count":0,"href":"https:\/\/www.bca.ad\/es\/wp-json\/wp\/v2\/posts\/10856\/revisions"}],"wp:featuredmedia":[{"embeddable":true,"href":"https:\/\/www.bca.ad\/es\/wp-json\/wp\/v2\/media\/10854"}],"wp:attachment":[{"href":"https:\/\/www.bca.ad\/es\/wp-json\/wp\/v2\/media?parent=10856"}],"wp:term":[{"taxonomy":"category","embeddable":true,"href":"https:\/\/www.bca.ad\/es\/wp-json\/wp\/v2\/categories?post=10856"},{"taxonomy":"post_tag","embeddable":true,"href":"https:\/\/www.bca.ad\/es\/wp-json\/wp\/v2\/tags?post=10856"}],"curies":[{"name":"wp","href":"https:\/\/api.w.org\/{rel}","templated":true}]}}