{"id":11112,"date":"2017-11-10T10:28:00","date_gmt":"2017-11-10T10:28:00","guid":{"rendered":"http:\/\/www.bca.ad\/primer-partit-clau-de-la-temporada\/"},"modified":"2017-11-10T10:39:12","modified_gmt":"2017-11-10T10:39:12","slug":"primer-partit-clau-de-la-temporada","status":"publish","type":"post","link":"https:\/\/www.bca.ad\/es\/primer-partit-clau-de-la-temporada\/","title":{"rendered":"Primer partido clave de la temporada"},"content":{"rendered":"<p><span style=\"color: #000000;\"><span style=\"font-family: Calibri;\"><strong>Las temporadas siempre te obsequiando con momentos claves, d\u00edas de aquellos que afectan al futuro inmediato y que analizados en perspectiva acaban marcando el camino que el equipo seguir\u00e1 en la temporada. <span title=\"La derrota a Badalona de la setmana passada va ficar l\u2019equip en problemes, no es s\u2019han de posar draps calents.\">La derrota en Badalona de la semana pasada meti\u00f3 al equipo en problemas, no se han de poner pa\u00f1os calientes. <\/span><span title=\"L'equilibri que hi ha en la lliga fa que tot sigui possible encara per\u00f2 a dia d'avui els tricolors son tercers per la cua a la classificaci\u00f3 de la Lliga Endesa i el rival de diumenge (18h30) a la Bombonera \u00e9s precisament el que\">El equilibrio que hay en la liga hace que todo sea posible todav\u00eda pero a d\u00eda de hoy los tricolores son terceros por la cola en la clasificaci\u00f3n de la Liga Endesa y el rival del domingo (18h30) en la Bombonera es precisamente lo que <\/span><\/strong><span title=\"queda just per darrera i que encara no ha guanyat aquesta temporada, el Real Betis Energ\u00eda Plus.\"><strong>queda justo por detr\u00e1s y que a\u00fan no ha ganado esta temporada, el Real Betis Energ\u00eda Plus<\/strong>. <\/span><span title=\"Per tant, la vict\u00f2ria \u00e9s molt important diumenge per mantenir la bona l\u00ednia a casa i per marcar dist\u00e0ncies amb les darreres posicions.\">Por lo tanto, la victoria es muy importante el domingo para mantener la buena l\u00ednea en casa y para marcar distancias con las \u00faltimas posiciones. <\/span><span title=\"Aquesta tranquil\u00b7litat pot donar peu a anar apuntalant la moral d\u2019un equip que mostra bona actitud per\u00f2 que t\u00e9 el comptador d\u2019alegries per sota de l\u2019esperat.\">Esta tranquilidad puede dar pie a ir apuntalando la moral de un equipo que muestra buena actitud pero que tiene el contador de alegr\u00edas por debajo de lo esperado. <\/span><\/span><\/span><span style=\"font-family: Calibri;\"><span title=\"El Betis \u00e9s un equip amb jugadors de molt talent com Ryan Kelly o Mc Grath que ha competit durament en molts partits i que va canviar l\u2019entrenador fa dues setmanes substituint Alejandro Mart\u00ednez per \u00d2scar Quintana. \"><span style=\"color: #000000;\">El Betis es un equipo con jugadores de mucho talento como Ryan Kelly o Mc Grath que ha competido duramente en muchos partidos y que cambi\u00f3 el entrenador hace dos semanas sustituyendo Alejandro Mart\u00ednez por \u00d3scar Quintana.<br \/>\n<\/span> <\/span><span style=\"color: #000000;\"><span title=\"El partit ofereix l\u2019atractiu suplementari del debut del nou jugador tricolor Chris Copeland que ahir va fer el primer entrenament amb els seus companys.\">El partido ofrece el atractivo suplementario del posible debut del nuevo jugador tricolor Chris Copeland que ayer hizo el primer entrenamiento con sus compa\u00f1eros. <\/span><span title=\"\u201cPuc ajudar amb la meva experi\u00e8ncia en defensa a l\u2019equip i sumar quan sigui necessari en atac\u201d explicava davant dels mitjans un Copeland somrient i content amb el seu nou dest\u00ed.\">&#8220;Puedo ayudar con mi experiencia en defensa al equipo y sumar cuando sea necesario en ataque&#8221; explicaba ante los medios un Copeland sonriente y contento con su nuevo destino. <\/span><span title=\"L\u2019aler pivot nordameric\u00e0, ex NBA amb tres franqu\u00edcies, es va mostrar \u201cmolt il\u00b7lusionat amb la possibilitat de debutar aquest diumenge i d\u2019ajudar a l\u2019equip, la lliga\u201d.\">El ala-p\u00edvot norteamericano, ex NBA con tres franquicias, se mostr\u00f3 &#8220;muy ilusionado con la posibilidad de debutar este domingo y de ayudar al equipo, la liga&#8221;. <\/span><\/span><\/span><span style=\"font-family: Calibri;\"><span title=\"Sobre el fet de continuar la seva carrera a Europa despr\u00e9s del seu pas per l\u2019NBA, Copeland va ser clar ahir \u201cm\u2019encanta jugar a b\u00e0squet i a m\u00e9s la Lliga Endesa \u00e9s un excel\u00b7lent lloc per fer-ho\u201d. \"><span style=\"color: #000000;\">Sobre el hecho de continuar su carrera en Europa tras su paso por la NBA, Copeland fue claro ayer &#8220;me encanta jugar al baloncesto y adem\u00e1s la Liga Endesa es un excelente lugar para hacerlo&#8221;.<br \/>\n<\/span> <\/span><strong><span title=\"El MoraBanc Andorra ha guanyat els tres darrers partits disputats a la Bombonera.\"><span style=\"color: #000000;\">El MoraBanc Andorra ha ganado los tres \u00faltimos partidos disputados en la Bombonera.<\/span><\/span><\/strong><\/span><\/p>\n<p>&nbsp;<\/p>\n","protected":false},"excerpt":{"rendered":"<p>Las temporadas siempre te obsequiando con momentos claves, d\u00edas de aquellos que afectan al futuro inmediato y que analizados en perspectiva acaban marcando el camino que el equipo seguir\u00e1 en la temporada. La derrota en Badalona de la semana pasada meti\u00f3 al equipo en problemas, no se han de poner pa\u00f1os calientes. El equilibrio que [&hellip;]<\/p>\n","protected":false},"author":102,"featured_media":11110,"comment_status":"closed","ping_status":"closed","sticky":false,"template":"","format":"standard","meta":{"om_disable_all_campaigns":false,"inline_featured_image":false,"_monsterinsights_skip_tracking":false,"_monsterinsights_sitenote_active":false,"_monsterinsights_sitenote_note":"","_monsterinsights_sitenote_category":0,"_uf_show_specific_survey":0,"_uf_disable_surveys":false,"footnotes":""},"categories":[150,109],"tags":[152,325,606,796,239,560,752,755,620,177,521,739,634,624],"class_list":["post-11112","post","type-post","status-publish","format-standard","has-post-thumbnail","hentry","category-basquet-club-andorra-es","category-morabanc-andorra-es","tag-acb-es","tag-acbandorra-es","tag-albicy-es","tag-copeland-es","tag-francesc-solana-ca-es","tag-gorka-aixas-es-es","tag-jaime-es","tag-jankovic-es","tag-jelinek-es","tag-joan-penarroya-es","tag-morabanc-andorra-es2","tag-moussa-es","tag-stevic-es","tag-walker-es"],"aioseo_notices":[],"_links":{"self":[{"href":"https:\/\/www.bca.ad\/es\/wp-json\/wp\/v2\/posts\/11112","targetHints":{"allow":["GET"]}}],"collection":[{"href":"https:\/\/www.bca.ad\/es\/wp-json\/wp\/v2\/posts"}],"about":[{"href":"https:\/\/www.bca.ad\/es\/wp-json\/wp\/v2\/types\/post"}],"author":[{"embeddable":true,"href":"https:\/\/www.bca.ad\/es\/wp-json\/wp\/v2\/users\/102"}],"replies":[{"embeddable":true,"href":"https:\/\/www.bca.ad\/es\/wp-json\/wp\/v2\/comments?post=11112"}],"version-history":[{"count":0,"href":"https:\/\/www.bca.ad\/es\/wp-json\/wp\/v2\/posts\/11112\/revisions"}],"wp:featuredmedia":[{"embeddable":true,"href":"https:\/\/www.bca.ad\/es\/wp-json\/wp\/v2\/media\/11110"}],"wp:attachment":[{"href":"https:\/\/www.bca.ad\/es\/wp-json\/wp\/v2\/media?parent=11112"}],"wp:term":[{"taxonomy":"category","embeddable":true,"href":"https:\/\/www.bca.ad\/es\/wp-json\/wp\/v2\/categories?post=11112"},{"taxonomy":"post_tag","embeddable":true,"href":"https:\/\/www.bca.ad\/es\/wp-json\/wp\/v2\/tags?post=11112"}],"curies":[{"name":"wp","href":"https:\/\/api.w.org\/{rel}","templated":true}]}}