{"id":11576,"date":"2017-12-26T17:51:49","date_gmt":"2017-12-26T17:51:49","guid":{"rendered":"http:\/\/www.bca.ad\/previa-buscant-un-comiat-bonic-a-europa\/"},"modified":"2017-12-26T17:54:13","modified_gmt":"2017-12-26T17:54:13","slug":"previa-buscant-un-comiat-bonic-a-europa","status":"publish","type":"post","link":"https:\/\/www.bca.ad\/es\/previa-buscant-un-comiat-bonic-a-europa\/","title":{"rendered":"PREVIA Buscando una bonita despedida en Europa"},"content":{"rendered":"<p><span style=\"color: #000000;\"><span style=\"font-family: Calibri;\"><strong>Ma\u00f1ana a las 20h, en la Bombonera, contra el Darussafaka termina la segunda aventura europea de la historia del club. <\/strong><span title=\"El matx \u00e9s un premi pels fidels seguidors del MoraBanc Andorra perqu\u00e8 el rival \u00e9s el primer classificat del grup i ja t\u00e9 el bitllet per la seg\u00fcent ronda de l\u2019Eurocup des de fa dues jornades.\"><strong>El encuentro es un premio por los fieles seguidores del MoraBanc Andorra porque el rival es el primer clasificado del grupo y ya tiene el billete para la siguiente ronda de la Eurocup desde hace dos jornadas<\/strong>. <\/span><span title=\"Per tant els tricolors ja estan eliminats i reben qui s\u2019ha mostrat com l\u2019equip m\u00e9s solvent del grup.\">Por lo tanto los tricolores ya est\u00e1n eliminados y reciben quien se mostr\u00f3 como el equipo m\u00e1s solvente del grupo. <\/span><span title=\"Curiosament els turcs van acabar jugant un paper indirecte en l'eliminaci\u00f3 dels de Pe\u00f1arroya ja que van perdre a casa amb el Torino per 77-79 ara fa una setmana i aquest resultat combinat amb la derrota tricolor a la pista del Paris Levallois va ser la\">Curiosamente los turcos acabaron jugando un papel indirecto en la eliminaci\u00f3n de los de Pe\u00f1arroya ya que perdieron en casa con el Torino por 77-79 hace una semana y este resultado combinado con la derrota tricolor en la pista del Paris Levallois fue la <\/span><span title=\"sent\u00e8ncia.\">sentencia. <\/span><\/span><\/span><span style=\"font-family: Calibri;\"><span title=\"Aquesta \u00e9s la gran inc\u00f2gnita del partit dem\u00e0, saber exactament com es traslladar\u00e0 al parquet la manca de recompensa oficial que hi haur\u00e0 m\u00e9s enll\u00e0 de l\u2019honor i de brindar un bon espectacle.\n\"><span style=\"color: #000000;\">Esta es la gran inc\u00f3gnita del partido ma\u00f1ana, saber exactamente c\u00f3mo se trasladar\u00e1 al parqu\u00e9 la falta de recompensa oficial que habr\u00e1 m\u00e1s all\u00e1 del honor y de brindar un buen espect\u00e1culo.<br \/>\n<\/span> <\/span><span style=\"color: #000000;\"><span title=\"\u201c\u00c9e evident que es tracta d'un partit especial perqu\u00e8 cap de dos equips es juga res per\u00f2 pot ser un bon premi pels nostres aficionats perqu\u00e8 juguem contra un gran equip\u201d explicava David Jel\u00ednek que sobre l'eliminaci\u00f3 afirmava que \u201cpotser hagu\u00e9ssim hagut de\">&#8220;<strong>Es evidente que se trata de un partido especial porque los dos equipos se juega nada pero puede ser un buen premio por nuestros aficionados porque jugamos contra un gran equipo&#8221; explicaba David Jel\u00ednek que sobre la eliminaci\u00f3n afirmaba que &#8220;quiz\u00e1s hubi\u00e9ramos tenido que <\/strong><\/span><span title=\"guanyar algun dels partits fora de l'inici de la competici\u00f3 que \u00e9s el que ens ha faltat, per\u00f2 tamb\u00e9 hem aconseguit algunes bones vict\u00f2ries\u201d.\"><strong>ganar alguno de los partidos fuera del inicio de la competici\u00f3n que es lo que nos ha faltado, pero tambi\u00e9n hemos conseguido algunas buenas victorias<\/strong> &#8220;. <\/span><\/span><\/span><span style=\"font-family: Calibri;\"><span title=\"L\u2019escorta, que dissabte va fer un gran partit contra Bilbao ha afirmat tamb\u00e9 que \u201cespero tenir molts m\u00e9s com aquest, tant els meus companys com jo volem seguir lluitant per tots els objectius que encara t\u00e9 el club aquesta temporada\u201d.\n\"><span style=\"color: #000000;\">El escolta, que el s\u00e1bado hizo un gran partido contra Bilbao ha afirmado tambi\u00e9n que &#8220;espero tener muchos m\u00e1s como este, tanto mis compa\u00f1eros como yo queremos seguir luchando por todos los objetivos que a\u00fan tiene el club esta temporada&#8221;.<br \/>\n<\/span> <\/span><span style=\"color: #000000;\"><span title=\"El t\u00e8cnic Joan Pe\u00f1arroya ha explicat que \u201cles valoracions a mi m'agrada fer-les a final de temporada per\u00f2 \u00e9s evident que ens hagu\u00e9s agradat arribar al darrer partit amb opcions de classificar-nos per\u00f2 afrontarem partit de dem\u00e0 amb l'objectiu de guanyar\"><strong>El t\u00e9cnico Joan Pe\u00f1arroya ha explicado que &#8220;las valoraciones a mi me gusta hacerlas a final de temporada pero es evidente que nos hubiera gustado llegar al \u00faltimo partido con opciones de clasificarnos pero afrontaremos partido de ma\u00f1ana con el objetivo de ganar<\/strong> <\/span><span title=\"-lo, no \u00e9s un amist\u00f3s de pretemporada\u201d.\">-el, no es un amistoso de pretemporada &#8220;. <\/span><span title=\"Tot i aix\u00f2 Pe\u00f1arroya no s\u2019amaga i deixa clar que \u201cel partit per nosaltres ha de ser un entrenament de molta qualitat pel partit de dissabte a Santiago contra Obradoiro\u201d.\">Sin embargo Pe\u00f1arroya no se esconde y deja claro que &#8220;el partido para nosotros debe ser un entrenamiento de mucha calidad para el partido del s\u00e1bado en Santiago contra Obradoiro&#8221;. <\/span><\/span><\/span><span style=\"font-family: Calibri;\"><span title=\"Encara que no tingui transcend\u00e8ncia classificat\u00f2ria, el partit \u00e9s \u201cun premi pels nostres aficionats pel que representa Darussafaka o perqu\u00e8 David Blatt al nostra pavell\u00f3 i nom\u00e9s cal pensar on \u00e9rem no fa massa anys\u201d.\n\"><span style=\"color: #000000;\">Aunque no tenga trascendencia clasificatoria, el partido es &#8220;un premio para nuestros aficionados por lo que representa Darussafaka o porque David Blatt en nuestro pabell\u00f3n y s\u00f3lo hay que pensar donde est\u00e1bamos no hace muchos a\u00f1os&#8221;.<br \/>\n<\/span> <\/span><strong><span title=\"Dem\u00e0 Pe\u00f1arroya, que ja ha assegurat que Albicy no est\u00e0 recuperat i no jugar\u00e0, s\u2019encaixar\u00e0 la ma a la banqueta amb un campi\u00f3 d\u2019Eurolliga i un entrenador NBA (va portar els Cavaliers de Lebron James), David Blatt.\"><span style=\"color: #000000;\">Ma\u00f1ana Pe\u00f1arroya, que ya ha asegurado que Albicy no est\u00e1 recuperado y no jugar\u00e1, se encajar\u00e1 la mano en el banquillo con un campe\u00f3n de Euroliga y un entrenador NBA (llev\u00f3 a los Cavaliers de Lebron James), David Blatt.<\/span><\/span><\/strong><\/span><\/p>\n<p>&nbsp;<\/p>\n","protected":false},"excerpt":{"rendered":"<p>Ma\u00f1ana a las 20h, en la Bombonera, contra el Darussafaka termina la segunda aventura europea de la historia del club. El encuentro es un premio por los fieles seguidores del MoraBanc Andorra porque el rival es el primer clasificado del grupo y ya tiene el billete para la siguiente ronda de la Eurocup desde hace [&hellip;]<\/p>\n","protected":false},"author":102,"featured_media":11574,"comment_status":"closed","ping_status":"closed","sticky":false,"template":"","format":"standard","meta":{"om_disable_all_campaigns":false,"inline_featured_image":false,"_monsterinsights_skip_tracking":false,"_monsterinsights_sitenote_active":false,"_monsterinsights_sitenote_note":"","_monsterinsights_sitenote_category":0,"_uf_show_specific_survey":0,"_uf_disable_surveys":false,"footnotes":""},"categories":[150,109],"tags":[152,325,606,611,715,239,560,752,755,620,177,766,739,634,624],"class_list":["post-11576","post","type-post","status-publish","format-standard","has-post-thumbnail","hentry","category-basquet-club-andorra-es","category-morabanc-andorra-es","tag-acb-es","tag-acbandorra-es","tag-albicy-es","tag-burjanadze-es","tag-eurocup-es","tag-francesc-solana-ca-es","tag-gorka-aixas-es-es","tag-jaime-es","tag-jankovic-es","tag-jelinek-es","tag-joan-penarroya-es","tag-karnowski-es","tag-moussa-es","tag-stevic-es","tag-walker-es"],"aioseo_notices":[],"_links":{"self":[{"href":"https:\/\/www.bca.ad\/es\/wp-json\/wp\/v2\/posts\/11576","targetHints":{"allow":["GET"]}}],"collection":[{"href":"https:\/\/www.bca.ad\/es\/wp-json\/wp\/v2\/posts"}],"about":[{"href":"https:\/\/www.bca.ad\/es\/wp-json\/wp\/v2\/types\/post"}],"author":[{"embeddable":true,"href":"https:\/\/www.bca.ad\/es\/wp-json\/wp\/v2\/users\/102"}],"replies":[{"embeddable":true,"href":"https:\/\/www.bca.ad\/es\/wp-json\/wp\/v2\/comments?post=11576"}],"version-history":[{"count":0,"href":"https:\/\/www.bca.ad\/es\/wp-json\/wp\/v2\/posts\/11576\/revisions"}],"wp:featuredmedia":[{"embeddable":true,"href":"https:\/\/www.bca.ad\/es\/wp-json\/wp\/v2\/media\/11574"}],"wp:attachment":[{"href":"https:\/\/www.bca.ad\/es\/wp-json\/wp\/v2\/media?parent=11576"}],"wp:term":[{"taxonomy":"category","embeddable":true,"href":"https:\/\/www.bca.ad\/es\/wp-json\/wp\/v2\/categories?post=11576"},{"taxonomy":"post_tag","embeddable":true,"href":"https:\/\/www.bca.ad\/es\/wp-json\/wp\/v2\/tags?post=11576"}],"curies":[{"name":"wp","href":"https:\/\/api.w.org\/{rel}","templated":true}]}}