{"id":11647,"date":"2018-01-05T12:51:58","date_gmt":"2018-01-05T12:51:58","guid":{"rendered":"http:\/\/www.bca.ad\/previa-contra-el-burgos-i-contra-la-plaga-de-baixes\/"},"modified":"2018-01-05T16:22:52","modified_gmt":"2018-01-05T16:22:52","slug":"previa-contra-el-burgos-i-contra-la-plaga-de-baixes","status":"publish","type":"post","link":"https:\/\/www.bca.ad\/es\/previa-contra-el-burgos-i-contra-la-plaga-de-baixes\/","title":{"rendered":"(PR\u00c8VIA) Contra el Burgos y contra la plaga de bajas"},"content":{"rendered":"<p><span style=\"font-family: times new roman,times,serif;\"><span style=\"color: #000000;\"><strong>El Bc MoraBanc Andorra recibe ma\u00f1ana el San Pablo de Burgos a las 21h inmerso en la peor racha de lesiones que se recuerda por aqu\u00ed desde que el equipo juega en ACB. <span title=\"A les baixes confirmades de Burjanadze, Karnowski, Diagne i Copeland se sumen els dubtes de John Shurna, amb un esquin\u00e7 cervical i Andrew Albicy que no acaba de fer net dels seus problemes musculars ala cama dreta i que ja el van privar de jugar a casa\">A las bajas confirmadas de Burjanadze, Karnowski, Diagne y Copeland se suman las dudas de John Shurna, con un esguince cervical y Andrew Albicy que no termina de limpiar de sus problemas musculares en la pierna derecha y que ya le privaron de jugar en casa <\/span><span title=\"contra Bilbao.\">contra Bilbao. <\/span><\/strong><span title=\"El concurs de Shurna i Albicy no est\u00e0 ni molt menys assegurat i per tant es pot afirmar que Pe\u00f1arroya haur\u00e0 de tornar a for\u00e7ar la m\u00e0quina amb els pocs elements que t\u00e9 a plena disposici\u00f3.\">El concurso de Shurna y Albicy no est\u00e1 ni mucho menos asegurado y por lo tanto se puede afirmar que Pe\u00f1arroya tendr\u00e1 que volver a forzar la m\u00e1quina con los pocos elementos que tiene a plena disposici\u00f3n. <\/span><\/span><span title=\"La bona not\u00edcia sense dubte \u00e9s la incorporaci\u00f3 de Landing San\u00e8 q8ue est\u00e0 en perfectes condicions i que debutar\u00e0 segur dem\u00e0. \"><span style=\"color: #000000;\">La buena noticia sin duda es la incorporaci\u00f3n de Landing San\u00e8 que est\u00e1 en perfectas condiciones y que debutar\u00e1 seguro ma\u00f1ana.<br \/>\n<\/span> <\/span><span style=\"color: #000000;\"><strong><span title=\"Un altre dels element importants de la pr\u00e8via del partit \u00e9s el rival.\">Otro de los elemento importantes de la previa del partido es el rival. <\/span><span title=\"El San Pablo Burgos \u00e9s el cuer de la lliga i va comen\u00e7ar la lliga amb un seguit de derrotes que el convertien en un clar\u00edssin aspirant a un descens prematur.\">El San Pablo Burgos es el colista de la liga y comenz\u00f3 la liga con una serie de derrotas que lo convert\u00edan en un claro aspirante a un descenso prematuro. <\/span><\/strong><span title=\"Per\u00f2 els darrers mesos els de Diegp Epifanio han girat la truita i estan competint en tots els partits (el darrer a casa amb Gipuzkoa seria l\u2019excepci\u00f3) i han aconseguit triomfs de prestigi com el de Bilbao.\"><strong>Pero los \u00faltimos meses los de Diegp Epifanio han girado la tortilla y est\u00e1n compitiendo en todos los partidos (<\/strong>el \u00faltimo en casa con Gipuzkoa ser\u00eda la excepci\u00f3n) y han conseguido triunfos de prestigio como el de Bilbao. <\/span><span title=\"Per tant Pe\u00f1arroya haur\u00e0 treballat la setmana des del respecte m\u00e0xim a un rival perfectament capacitat per donar un disgust a la Bombonera i que t\u00e8 jugadors importants en totes les posicions.\">Por tanto Pe\u00f1arroya habr\u00e1 trabajado la semana desde el respeto m\u00e1ximo a un rival perfectamente capacitado para dar un disgusto a la Bombonera y que t\u00e9 jugadores importantes en todas las posiciones. <\/span><span title=\"Un en concret ser\u00e0 el que recollir\u00e0 la major part de les mirades, el base austr\u00edac Thomas Schreiner que va donar 5 anys magn\u00edfics al MoraBanc Andorra per\u00f2 que dem\u00e0 ser\u00e0 rival.\">Uno en concreto ser\u00e1 el que recoger\u00e1 la mayor parte de las miradas, el base austr\u00edaco Thomas Schreiner que dio 5 a\u00f1os magn\u00edficos en MoraBanc Andorra pero que ma\u00f1ana ser\u00e1 rival. <\/span><\/span><span title=\"\u201cNo esborraria res dels meus 5 anys a Andorra\u201d afirmava Schreiner avui en declaracions al Diari Bon Dia, \"><span style=\"color: #000000;\">&#8220;No borrar\u00eda nada de mis 5 a\u00f1os en Andorra&#8221; afirmaba Schreiner hoy en declaraciones al Diario Bon D\u00eda. <\/span><\/span><span id=\"result_box\" lang=\"es\"><strong><span title=\"\u201cSer\u00e0 un partit dur contra un equip que juga molt b\u00e9 al 4 i tret de Baskonia no ens hem trobat gaires equips que juguin aix\u00ed per\u00f2 estem preparats per fer un bon partit i intentar guanyar\u201d afirmava Jaka Blazic en la pr\u00e8via d\u2019aquesta tarda.\">&#8220;Ser\u00e1 un partido duro contra un equipo que juega muy bien al 4 y salvo Baskonia no nos hemos encontrado muchos equipos que jueguen as\u00ed pero estamos preparados para hacer un buen partido e intentar ganar&#8221; afirmaba Jaka Blazic en la previa de esta tarde. <\/span><\/strong><span title=\"L\u2019internacional eslov\u00e8 ha afirmat tamb\u00e9 que \u201cser\u00e0 dif\u00edcil perqu\u00e8 ells estan fent un bon b\u00e0squet i tenen a Schreiner que coneix el pavell\u00f3, que torna a la que va ser casa seva\u201d.\">El internacional esloveno ha afirmado tambi\u00e9n que &#8220;ser\u00e1 dif\u00edcil porque ellos est\u00e1n haciendo un buen baloncesto y tienen a Schreiner que conoce el pabell\u00f3n, que vuelve a la que fue su casa&#8221;. <\/span><span title=\"Sobre la rellev\u00e0ncia del matx en la lluita per la Copa, Blazic ha dit que \u201ctots els partots des d\u2019ara i fins el final de la primera volta s\u00f3n claus en la lluita per la Copa\u201d.\n\">Sobre la relevancia del encuentro en la lucha por la Copa, Blazic dijo que &#8220;todos los partots desde ahora y hasta el final de la primera vuelta son claves en la lucha por la Copa&#8221;.<br \/>\n<\/span><strong><span title=\"L?entremador Joan Pe\u00f1arroya ha volgut referir-se especialment al retorn de Thomas Schreiner amb la samarreta del Burgos \u201cespero que tingui una gran rebuda per part del p\u00fablic perqu\u00e8 \u00e9s un gran professional.\">El\u00a0entremador Joan Pe\u00f1arroya ha querido referirse especialmente al regreso de Thomas Schreiner con la camiseta del Burgos &#8220;espero que tenga una gran acogida por parte del p\u00fablico porque es un gran profesional. <\/span><\/strong><span title=\"Va donar molt al club i el club li va donar molt a ell, \u00e9s el jugador que he entrenat m\u00e9s anys i sempre ser\u00e0 especial per mi\u201d.\"><strong>Dio mucho al club y el club le dio mucho a \u00e9l, es el jugador que he entrenado m\u00e1s a\u00f1os y siempre ser\u00e1 especial para m\u00ed<\/strong> &#8220;. <\/span><span title=\"Pe\u00f1arroya ha exposat els perills del Burgos \u201cvenen de perdre un partit a casa contra un rival directe i aix\u00f2 els converteix en encara m\u00e9s perillosos perqu\u00e8 han guanyat dos dels darrers tres partits a fora i en el darrer tram de la competici\u00f3 estan fent les coses b\u00e9\">Pe\u00f1arroya ha expuesto los peligros del Burgos &#8220;vienen de perder un partido en casa contra un rival directo y eso los convierte en a\u00fan m\u00e1s peligrosos porque han ganado dos de los \u00faltimos tres partidos fuera y en el \u00faltimo tramo de la competici\u00f3n est\u00e1n haciendo las cosas bien <\/span><span title=\"\u201d.\">&#8220;. <\/span><span title=\"L\u2019entrenador del MoraBanc Andorra no ha pogut evitar referir-se als lesionats \u201caquesta setmana estic entrenant nom\u00e9s amb 6 jugadors del primer equip i en aquestes circumst\u00e0ncies espero que Shurna i Albicy puguin ajudar-nos per\u00f2 no s\u00e9 com estaran\u201d.\"><strong>El entrenador del MoraBanc Andorra no pudo evitar referirse a los lesionados &#8220;esta semana estoy entrenando s\u00f3lo con 6 jugadores del primer equipo y en estas circunstancias espero que Shurna y Albicy puedan ayudarnos pero no s\u00e9 c\u00f3mo estar\u00e1n&#8221;<\/strong>. <\/span><span title=\"Sobre San\u00e8, Pe\u00f1arroya ha afirmat que \u201c\u00e9s un jugador que ve en forma, que \u00e9s intel\u00b7ligent i que en la situaci\u00f3 en la que estem dem\u00e0 ser\u00e0 protagonista segur\u201d.\">Sobre San\u00e8, Pe\u00f1arroya afirm\u00f3 que &#8220;es un jugador que viene en forma, que es inteligente y que en la situaci\u00f3n en la que estamos ma\u00f1ana ser\u00e1 protagonista seguro&#8221;.<\/span><\/span><span title=\"\u201cNo esborraria res dels meus 5 anys a Andorra\u201d afirmava Schreiner avui en declaracions al Diari Bon Dia, \">\u00a0<\/span><span style=\"color: #000000;\"><span title=\"\u201cHem de respectar molt\u00edssim el rival de dem\u00e0, si no ho fem perdrem el partit\u201d afirma el General Manager del MoraBanc Andorra, Francesc Solana.\"><strong>&#8220;Tenemos que respetar much\u00edsimo el rival de ma\u00f1ana, si no lo hacemos perderemos el partido&#8221; afirma el General Manager del MoraBanc Andorra, Francesc Solana.<\/strong> <\/span><span title=\"Sigui com sigui, i tot i la plaga de baixes, si els tricolors volen seguir aspirant a disputar la Copa del Rei totes les combinacions possibles passen per aconseguir la vict\u00f2ria dem\u00e0 contra el Burgos, un vell conegut de l'\u00e8poca en de LEB or que\">Sea como sea, ya pesar de la plaga de bajas, si los tricolores quieren seguir aspirando a disputar la Copa del Rey todas las combinaciones posibles pasan por conseguir la victoria ma\u00f1ana contra el Burgos, un viejo conocido de la \u00e9poca en LEB oro que <\/span><span title=\"tots dos clubs lluitaven per pujar a la lliga Endesa.\">ambos clubes luchaban por subir a la liga Endesa.<\/span><\/span><\/span><\/p>\n<p>&nbsp;<\/p>\n","protected":false},"excerpt":{"rendered":"<p>El Bc MoraBanc Andorra recibe ma\u00f1ana el San Pablo de Burgos a las 21h inmerso en la peor racha de lesiones que se recuerda por aqu\u00ed desde que el equipo juega en ACB. A las bajas confirmadas de Burjanadze, Karnowski, Diagne y Copeland se suman las dudas de John Shurna, con un esguince cervical y [&hellip;]<\/p>\n","protected":false},"author":102,"featured_media":11643,"comment_status":"closed","ping_status":"closed","sticky":false,"template":"","format":"standard","meta":{"om_disable_all_campaigns":false,"inline_featured_image":false,"_monsterinsights_skip_tracking":false,"_monsterinsights_sitenote_active":false,"_monsterinsights_sitenote_note":"","_monsterinsights_sitenote_category":0,"_uf_show_specific_survey":0,"_uf_disable_surveys":false,"footnotes":""},"categories":[150,109],"tags":[152,325,606,611,239,560,752,755,620,177,766,243,205,521,739,816,384,624],"class_list":["post-11647","post","type-post","status-publish","format-standard","has-post-thumbnail","hentry","category-basquet-club-andorra-es","category-morabanc-andorra-es","tag-acb-es","tag-acbandorra-es","tag-albicy-es","tag-burjanadze-es","tag-francesc-solana-ca-es","tag-gorka-aixas-es-es","tag-jaime-es","tag-jankovic-es","tag-jelinek-es","tag-joan-penarroya-es","tag-karnowski-es","tag-liga-endesa-es","tag-morabanc-andorra","tag-morabanc-andorra-es2","tag-moussa-es","tag-sane-es","tag-schreiner-es","tag-walker-es"],"aioseo_notices":[],"_links":{"self":[{"href":"https:\/\/www.bca.ad\/es\/wp-json\/wp\/v2\/posts\/11647","targetHints":{"allow":["GET"]}}],"collection":[{"href":"https:\/\/www.bca.ad\/es\/wp-json\/wp\/v2\/posts"}],"about":[{"href":"https:\/\/www.bca.ad\/es\/wp-json\/wp\/v2\/types\/post"}],"author":[{"embeddable":true,"href":"https:\/\/www.bca.ad\/es\/wp-json\/wp\/v2\/users\/102"}],"replies":[{"embeddable":true,"href":"https:\/\/www.bca.ad\/es\/wp-json\/wp\/v2\/comments?post=11647"}],"version-history":[{"count":0,"href":"https:\/\/www.bca.ad\/es\/wp-json\/wp\/v2\/posts\/11647\/revisions"}],"wp:featuredmedia":[{"embeddable":true,"href":"https:\/\/www.bca.ad\/es\/wp-json\/wp\/v2\/media\/11643"}],"wp:attachment":[{"href":"https:\/\/www.bca.ad\/es\/wp-json\/wp\/v2\/media?parent=11647"}],"wp:term":[{"taxonomy":"category","embeddable":true,"href":"https:\/\/www.bca.ad\/es\/wp-json\/wp\/v2\/categories?post=11647"},{"taxonomy":"post_tag","embeddable":true,"href":"https:\/\/www.bca.ad\/es\/wp-json\/wp\/v2\/tags?post=11647"}],"curies":[{"name":"wp","href":"https:\/\/api.w.org\/{rel}","templated":true}]}}