{"id":11691,"date":"2018-01-12T13:28:27","date_gmt":"2018-01-12T13:28:27","guid":{"rendered":"http:\/\/www.bca.ad\/previa-revalida-a-la-pista-de-lestudiantes\/"},"modified":"2018-01-13T10:22:24","modified_gmt":"2018-01-13T10:22:24","slug":"previa-revalida-a-la-pista-de-lestudiantes","status":"publish","type":"post","link":"https:\/\/www.bca.ad\/es\/previa-revalida-a-la-pista-de-lestudiantes\/","title":{"rendered":"(PREVIA) Rev\u00e1lida en la pista de l&#8217;Estudiantes"},"content":{"rendered":"<p><span style=\"color: #000000;\"><span style=\"font-family: Calibri;\"><strong>Decir que la Copa del Rey pasa por el partido de ma\u00f1ana en la pista de Movistar Estudiantes (12h30, Tv al 272 de la fibra Andorra Telecom a Movistar Deportes y radio a RNA) es un an\u00e1lisis muy obvia. <span title=\"Tant com que els de Joan Pe\u00f1arroya han de guanyar el partit i despr\u00e9s esperar que la combinaci\u00f3 de resultats els mantingui amb esperances fins la darrers jornada de la primera volta en qu\u00e8 es rebr\u00e0 el Bar\u00e7a (diumenge 21 de gener a les 18h30) a la Bombonera\">Tanto como que los de Joan Pe\u00f1arroya tienen que ganar el partido y luego esperar que la combinaci\u00f3n de resultados los mantenga con esperanzas hasta la \u00faltimos jornada de la primera vuelta en la que se recibir\u00e1 el Bar\u00e7a (domingo 21 de enero a las 18h30) en la Bombonera <\/span><\/strong><span title=\".\"><strong>.<\/strong> <\/span><span title=\"De tota manera el primer objectiu des tricolors ser\u00e0 retrobar la bona versi\u00f3, la d\u2019equip s\u00f2lid que pot aspirar a tot.\">De todas formas el primer objetivo desde tricolores ser\u00e1 reencontrar la buena versi\u00f3n, la de equipo s\u00f3lido que puede aspirar a todo. <\/span><\/span><\/span><span style=\"font-family: Calibri;\"><span title=\"Mostrar la cara resolta que l\u2019ha portat a obtenir la vict\u00f2ria en les dues darreres sortides a Gipuzkoa i Obradoiro i de pas oblidar el mal sabor que ha presidit aquesta setmana per la derrota a casa contra San Pablo Burgos.\n\"><span style=\"color: #000000;\">Mostrar la cara resuelta que le ha llevado a obtener la victoria en las dos \u00faltimas salidas a Gipuzkoa y Obradoiro y de olvidar el mal sabor que ha presidido esta semana por la derrota en casa contra San Pablo Burgos.<br \/>\n<\/span> <\/span><span style=\"color: #000000;\"><span title=\"Per fer-ho Pe\u00f1arroya seguir\u00e0 sense comptar amb diversos jugadors.\">Para hacerlo Pe\u00f1arroya seguir\u00e1 sin contar con varios jugadores. <\/span><span title=\"Moussa i Karnowski segueixen de baixa, aix\u00ed com Beqa Burjanadze que, aix\u00f2 s\u00ed, comen\u00e7a a accelerar la seva rehabilitaci\u00f3.\">Moussa y Karnowski siguen de baja, as\u00ed como Beqa Burjanadze, eso s\u00ed, empieza a acelerar su rehabilitaci\u00f3n. <\/span><span title=\"Chris Copeland no est\u00e0 descartat del tot per\u00f2 el seu concurs segueix sent dubt\u00f3s per b\u00e9 que el seu dit sembla ja est\u00e0 prop d\u2019estar perfectament operatiu.\">Chris Copeland no est\u00e1 descartado del todo pero su concurso sigue siendo dudoso si bien su dedo parece ya est\u00e1 cerca de estar perfectamente operativo. <\/span><\/span><\/span><span style=\"font-family: Calibri;\"><span title=\"Pel contrari les darreres sessions d\u2019entrenament semblen indicar que Albicy i Shurna estan millor de les mol\u00e8sties de les darreres setmanes.\n\"><span style=\"color: #000000;\">Por el contrario las \u00faltimas sesiones de entrenamiento parecen indicar que Albicy y Shurna est\u00e1n mejor de las molestias de las \u00faltimas semanas.<br \/>\n<\/span> <\/span><strong><span title=\"El partit ser\u00e0 especial sense cap mena de dubte per Jaime Fern\u00e1ndez, que va estar 8 temporades a Estudiantes i que es pot dir que all\u00e0 es va fer jugador i tamb\u00e9 persona.\"><span style=\"color: #000000;\">El partido ser\u00e1 especial sin lugar a dudas por Jaime Fern\u00e1ndez, que estuvo 8 temporadas en Estudiantes y que se puede decir que all\u00ed se hizo jugador y tambi\u00e9n persona. <\/span><\/span><\/strong><\/span><span style=\"font-family: Calibri;\"><strong><span title=\"El base madrileny no ha amagat aquests dies tenir marcat aquest partit en el calendari des que es van saber les dates fa uns mesos.\n\"><span style=\"color: #000000;\">El base madrile\u00f1o no ha escondido estos d\u00edas tener marcado este partido en el calendario desde que se supo la fecha hace unos meses.<br \/>\n<\/span> <\/span><\/strong><span style=\"color: #000000;\"><strong><span title=\"\u201cLa Copa?\">&#8220;La Copa? <\/span><span title=\"El que hem d'estar pendents \u00e9s de guanyar la resta s\u00f3n conseq\u00fc\u00e8ncies\u201d ha manifestat Joan Pe\u00f1arroya en la Roda de premsa pr\u00e8via al partit de dem\u00e0 celebrada aquest mat\u00ed, \u201cvenim de fer un mal partit per\u00f2 hem tingut per primer cop en temps una setmana\">Lo que tenemos que estar pendientes es de ganar el resto son consecuencias &#8220;ha manifestado Joan Pe\u00f1arroya en la Rueda de prensa previa al partido de ma\u00f1ana celebrada esta ma\u00f1ana,&#8221; venimos de hacer un mal partido pero hemos tenido por primera vez en tiempo una semana <\/span><\/strong><span title=\"en qu\u00e8 hem pogut entrenar bastant &#96;perqu\u00e8 Shurna i Allbicy han estat en condicions de fer-ho i Landing ja ha pogut treballar m\u00e9s amb els seus companys\u201d.\"><strong>en que hemos podido entrenar bastante porqu\u00e9 Shurna y Allbicy han estado en condiciones de hacerlo y Landing ya ha podido trabajar m\u00e1s con sus compa\u00f1eros<\/strong>&#8220;. <\/span><span title=\"Sobre el rival el t\u00e8cnic del Morabanc Andorra ha exposat que \u201c\u00e9s un equip at\u00edpic que t\u00e9 molta amena\u00e7a exterior i que ens ha demostrat en els darrers partits que \u00e9s capa\u00e7 de remuntar difer\u00e8ncies importants per tant si volem guanyar haurem d'estar molt concentrats els 40\">Sobre el rival el t\u00e9cnico del Morabanc Andorra expuso que &#8220;es un equipo at\u00edpico que tiene mucha amenaza exterior y que nos ha demostrado en los \u00faltimos partidos que es capaz de remontar diferencias importantes por lo tanto si queremos ganar tendremos que estar muy concentrados los 40 <\/span><span title=\"minuts\u201d.\">minutos &#8220;. <\/span><span title=\"Sobre el possible retorn de Copeland, Pe\u00f1arroya ha estat clar \u201crecuperem un jugador que ve d'una operaci\u00f3 al dit i en les nostres circumst\u00e0ncies \u00e9s una bona not\u00edcia per\u00f2 tot just va fer una part de l'entrenament de divendres despr\u00e9s de molt temps,\">Sobre el posible retorno de Copeland, Pe\u00f1arroya ha sido claro &#8220;recuperamos un jugador que viene de una operaci\u00f3n en el dedo y en nuestras circunstancias es una buena noticia pero apenas hizo una parte del entrenamiento del viernes despu\u00e9s de mucho tiempo, <\/span><\/span><\/span><span style=\"font-family: Calibri;\"><span title=\"ja veurem com ens pot ajudar\u201d.\n\"><span style=\"color: #000000;\">ya veremos c\u00f3mo nos puede ayudar &#8220;.<br \/>\n<\/span> <\/span><span title=\"David Walker tamb\u00e9 ha comparegut i ha revelat que la derrota contra el Burgos \u201cva ser frustrant per tots perqu\u00e8 ens jug\u00e0vem molt per\u00f2 hem tingut una gran setmana d'entrenaments i estem concentrats en el partit de dem\u201d&quot;. Q\u00fcestionat per la copa l'\"><span style=\"color: #000000;\"><strong>David Walker tambi\u00e9n ha comparecido y ha revelado que la derrota contra el Burgos &#8220;fue frustrante para todos porque nos jug\u00e1bamos mucho pero hemos tenido una gran semana de entrenamientos y estamos concentrados en el partido de ma\u00f1ana&#8221;<\/strong> &#8220;. Cuestionado por la copa del <\/span><\/span><\/span><span style=\"font-family: Calibri;\"><span title=\"aler d'Ohio ha exposat que \u201csabem que \u00e9s dif\u00edcil per\u00f2 el que hem de fer \u00e9s intentar guanyar el partit de dem\u00e0 i no estar pendents dels altres partits perqu\u00e8 no els controlem\u201d.\n\"><span style=\"color: #000000;\">alero de Ohio ha expuesto que &#8220;sabemos que es dif\u00edcil pero lo que tenemos que hacer es intentar ganar el partido de ma\u00f1ana y no estar pendientes de los dem\u00e1s partidos para que no los controlamos&#8221;.<br \/>\n<\/span> <\/span><span style=\"color: #000000;\"><strong><span title=\"Per altra part, els partits del MoraBanc Andorra les darreres temporades han acostumat a ser molt emocionants.\">Por otra parte, los partidos del MoraBanc Andorra las \u00faltimas temporadas han acostumbrado a ser muy emocionantes. <\/span><\/strong><span title=\"Fa dues es va obtenir la vict\u00f2ria per\u00f2 en les altres dues els enfrontaments van acabar amb derrota dels de Pe\u00f1arroya amb finals ajustats i no exempts de pol\u00e8miques.\"><strong>Hace dos se obtuvo la victoria pero en las otras dos los enfrentamientos terminaron con derrota de los de Pe\u00f1arroya con finales ajustados y no exentos de pol\u00e9micas<\/strong>. <\/span><span title=\"Els tricolors tindrna feina en aturar en joc alegre i basat molt en el tir de tres punts de l\u2019equip de Maldonado i trobar la manera de frenar a Landesberg, una de les sensacions de la temporada i un jugador gaireb\u00e9 imparable quan est\u00e0 en ratxa.\">Los tricolores tendran trabajo en detener el juego alegre y basado mucho en el tiro de tres puntos del equipo de Maldonado y encontrar la manera de frenar a Landesberg, una de las sensaciones de la temporada y un jugador casi imparable cuando est\u00e1 en racha.<\/span><\/span><\/span><\/p>\n<p>&nbsp;<\/p>\n","protected":false},"excerpt":{"rendered":"<p>Decir que la Copa del Rey pasa por el partido de ma\u00f1ana en la pista de Movistar Estudiantes (12h30, Tv al 272 de la fibra Andorra Telecom a Movistar Deportes y radio a RNA) es un an\u00e1lisis muy obvia. Tanto como que los de Joan Pe\u00f1arroya tienen que ganar el partido y luego esperar que [&hellip;]<\/p>\n","protected":false},"author":102,"featured_media":11689,"comment_status":"closed","ping_status":"closed","sticky":false,"template":"","format":"standard","meta":{"om_disable_all_campaigns":false,"inline_featured_image":false,"_monsterinsights_skip_tracking":false,"_monsterinsights_sitenote_active":false,"_monsterinsights_sitenote_note":"","_monsterinsights_sitenote_category":0,"_uf_show_specific_survey":0,"_uf_disable_surveys":false,"footnotes":""},"categories":[150,109],"tags":[152,325,606,611,193,560,752,755,620,766,243,739,624],"class_list":["post-11691","post","type-post","status-publish","format-standard","has-post-thumbnail","hentry","category-basquet-club-andorra-es","category-morabanc-andorra-es","tag-acb-es","tag-acbandorra-es","tag-albicy-es","tag-burjanadze-es","tag-david-eudal-es","tag-gorka-aixas-es-es","tag-jaime-es","tag-jankovic-es","tag-jelinek-es","tag-karnowski-es","tag-liga-endesa-es","tag-moussa-es","tag-walker-es"],"aioseo_notices":[],"_links":{"self":[{"href":"https:\/\/www.bca.ad\/es\/wp-json\/wp\/v2\/posts\/11691","targetHints":{"allow":["GET"]}}],"collection":[{"href":"https:\/\/www.bca.ad\/es\/wp-json\/wp\/v2\/posts"}],"about":[{"href":"https:\/\/www.bca.ad\/es\/wp-json\/wp\/v2\/types\/post"}],"author":[{"embeddable":true,"href":"https:\/\/www.bca.ad\/es\/wp-json\/wp\/v2\/users\/102"}],"replies":[{"embeddable":true,"href":"https:\/\/www.bca.ad\/es\/wp-json\/wp\/v2\/comments?post=11691"}],"version-history":[{"count":0,"href":"https:\/\/www.bca.ad\/es\/wp-json\/wp\/v2\/posts\/11691\/revisions"}],"wp:featuredmedia":[{"embeddable":true,"href":"https:\/\/www.bca.ad\/es\/wp-json\/wp\/v2\/media\/11689"}],"wp:attachment":[{"href":"https:\/\/www.bca.ad\/es\/wp-json\/wp\/v2\/media?parent=11691"}],"wp:term":[{"taxonomy":"category","embeddable":true,"href":"https:\/\/www.bca.ad\/es\/wp-json\/wp\/v2\/categories?post=11691"},{"taxonomy":"post_tag","embeddable":true,"href":"https:\/\/www.bca.ad\/es\/wp-json\/wp\/v2\/tags?post=11691"}],"curies":[{"name":"wp","href":"https:\/\/api.w.org\/{rel}","templated":true}]}}