{"id":11724,"date":"2018-01-19T10:31:00","date_gmt":"2018-01-19T10:31:00","guid":{"rendered":"http:\/\/www.bca.ad\/a-las-venda-les-equipacions-de-leurocup\/"},"modified":"2018-01-19T10:33:07","modified_gmt":"2018-01-19T10:33:07","slug":"a-las-venda-les-equipacions-de-leurocup","status":"publish","type":"post","link":"https:\/\/www.bca.ad\/es\/a-las-venda-les-equipacions-de-leurocup\/","title":{"rendered":"A la venta las equipaciones de Eurocup"},"content":{"rendered":"<p><strong>No hay muchas pero hay<\/strong>. El club comercializa las equipaciones Eurocup de esta temporada en que se ha vuelto a competiciones europeas despu\u00e9s de m\u00e1s de 20 a\u00f1os. &#8220;La ilusi\u00f3n que tiene el MoraBanc Andorra es que estas participaciones sean cada vez menos espor\u00e1dicas pero a d\u00eda de hoy se puede decir que esta ropa ha sido testigo de un hecho excepcional en el baloncesto del pa\u00eds&#8221; afirma el Jefe de comunicaci\u00f3n del club Gabriel Fern\u00e1ndez. La tienda del MoraBanc Andorra, en el hall de la BMB los d\u00edas de partido, ser\u00e1 el punto de venta de las equipaciones Eurocup 2017-18. Las camisetas que se venden han sido utilizadas por los jugadores en los partidos oficiales de esta temporada.<br \/>\n<strong>PRECIOS:<\/strong><\/p>\n<p><strong>Camiseta<\/strong><\/p>\n<p>ABONADOS 43 euros<\/p>\n<p>NO ABONADOS 54 euros<\/p>\n<p><strong>Camiseta y pantal\u00f3n<\/strong><\/p>\n<p>ABONADOS 64 euros<\/p>\n<p>NO ABONADOS 80 euros<\/p>\n<p>&nbsp;<\/p>\n","protected":false},"excerpt":{"rendered":"<p>No hay muchas pero hay. El club comercializa las equipaciones Eurocup de esta temporada en que se ha vuelto a competiciones europeas despu\u00e9s de m\u00e1s de 20 a\u00f1os. &#8220;La ilusi\u00f3n que tiene el MoraBanc Andorra es que estas participaciones sean cada vez menos espor\u00e1dicas pero a d\u00eda de hoy se puede decir que esta ropa [&hellip;]<\/p>\n","protected":false},"author":102,"featured_media":11722,"comment_status":"closed","ping_status":"closed","sticky":false,"template":"","format":"standard","meta":{"om_disable_all_campaigns":false,"inline_featured_image":false,"_monsterinsights_skip_tracking":false,"_monsterinsights_sitenote_active":false,"_monsterinsights_sitenote_note":"","_monsterinsights_sitenote_category":0,"_uf_show_specific_survey":0,"_uf_disable_surveys":false,"footnotes":""},"categories":[150,109],"tags":[152,325,606,611,715,239,560,752,755,620,177,766,243,205,521,739,163,634,624],"class_list":["post-11724","post","type-post","status-publish","format-standard","has-post-thumbnail","hentry","category-basquet-club-andorra-es","category-morabanc-andorra-es","tag-acb-es","tag-acbandorra-es","tag-albicy-es","tag-burjanadze-es","tag-eurocup-es","tag-francesc-solana-ca-es","tag-gorka-aixas-es-es","tag-jaime-es","tag-jankovic-es","tag-jelinek-es","tag-joan-penarroya-es","tag-karnowski-es","tag-liga-endesa-es","tag-morabanc-andorra","tag-morabanc-andorra-es2","tag-moussa-es","tag-penarroya-es","tag-stevic-es","tag-walker-es"],"aioseo_notices":[],"_links":{"self":[{"href":"https:\/\/www.bca.ad\/es\/wp-json\/wp\/v2\/posts\/11724","targetHints":{"allow":["GET"]}}],"collection":[{"href":"https:\/\/www.bca.ad\/es\/wp-json\/wp\/v2\/posts"}],"about":[{"href":"https:\/\/www.bca.ad\/es\/wp-json\/wp\/v2\/types\/post"}],"author":[{"embeddable":true,"href":"https:\/\/www.bca.ad\/es\/wp-json\/wp\/v2\/users\/102"}],"replies":[{"embeddable":true,"href":"https:\/\/www.bca.ad\/es\/wp-json\/wp\/v2\/comments?post=11724"}],"version-history":[{"count":0,"href":"https:\/\/www.bca.ad\/es\/wp-json\/wp\/v2\/posts\/11724\/revisions"}],"wp:featuredmedia":[{"embeddable":true,"href":"https:\/\/www.bca.ad\/es\/wp-json\/wp\/v2\/media\/11722"}],"wp:attachment":[{"href":"https:\/\/www.bca.ad\/es\/wp-json\/wp\/v2\/media?parent=11724"}],"wp:term":[{"taxonomy":"category","embeddable":true,"href":"https:\/\/www.bca.ad\/es\/wp-json\/wp\/v2\/categories?post=11724"},{"taxonomy":"post_tag","embeddable":true,"href":"https:\/\/www.bca.ad\/es\/wp-json\/wp\/v2\/tags?post=11724"}],"curies":[{"name":"wp","href":"https:\/\/api.w.org\/{rel}","templated":true}]}}