{"id":11895,"date":"2018-02-06T11:07:23","date_gmt":"2018-02-06T11:07:23","guid":{"rendered":"http:\/\/www.bca.ad\/entrades-per-dissabte-a-13-i-5-euros-nomes-per-abonats\/"},"modified":"2018-02-06T11:10:26","modified_gmt":"2018-02-06T11:10:26","slug":"entrades-per-dissabte-a-13-i-5-euros-nomes-per-abonats","status":"publish","type":"post","link":"https:\/\/www.bca.ad\/es\/entrades-per-dissabte-a-13-i-5-euros-nomes-per-abonats\/","title":{"rendered":"Entradas para el s\u00e1bado a 1,3 i 5 euros s\u00f3lo para ABONADOS"},"content":{"rendered":"<p><strong>La recaudaci\u00f3n \u00edntegra del partido del pr\u00f3ximo s\u00e1bado a las 21h contra el Divina Seguros Juventud se dar\u00e1 \u00edntegramente a UNICEF. Los abonados pueden retirar durante toda la semana dos entradas por carnet a 1,3 y 5 euros en las oficinas del club de 9.30 a 13.30h y de 15.30 a 19.30h<\/strong>. La promoci\u00f3n est\u00e1 sujeta a que se agoten las existencias y no estar\u00e1 activa el s\u00e1bado en taquilla. &#8220;En esta promoci\u00f3n obviamente y un componente solidario pero est\u00e1 claro que tambi\u00e9n va en la l\u00ednea del relato de ofrecer siempre valor a\u00f1adido al carn\u00e9 por nuestros abonados&#8221; expone el Jefe de comunicaci\u00f3n del club <strong>Gabriel Fern\u00e1ndez, que a\u00f1ade que &#8220;\u00e9sta y de otras promociones durante la temporada son exclusivas para los abonados &#8220;.<\/strong><\/p>\n","protected":false},"excerpt":{"rendered":"<p>La recaudaci\u00f3n \u00edntegra del partido del pr\u00f3ximo s\u00e1bado a las 21h contra el Divina Seguros Juventud se dar\u00e1 \u00edntegramente a UNICEF. Los abonados pueden retirar durante toda la semana dos entradas por carnet a 1,3 y 5 euros en las oficinas del club de 9.30 a 13.30h y de 15.30 a 19.30h. La promoci\u00f3n est\u00e1 [&hellip;]<\/p>\n","protected":false},"author":102,"featured_media":11893,"comment_status":"closed","ping_status":"closed","sticky":false,"template":"","format":"standard","meta":{"om_disable_all_campaigns":false,"inline_featured_image":false,"_monsterinsights_skip_tracking":false,"_monsterinsights_sitenote_active":false,"_monsterinsights_sitenote_note":"","_monsterinsights_sitenote_category":0,"_uf_show_specific_survey":0,"_uf_disable_surveys":false,"footnotes":""},"categories":[150,109],"tags":[152,325,606,239,560,752,755,177,766,739,163],"class_list":["post-11895","post","type-post","status-publish","format-standard","has-post-thumbnail","hentry","category-basquet-club-andorra-es","category-morabanc-andorra-es","tag-acb-es","tag-acbandorra-es","tag-albicy-es","tag-francesc-solana-ca-es","tag-gorka-aixas-es-es","tag-jaime-es","tag-jankovic-es","tag-joan-penarroya-es","tag-karnowski-es","tag-moussa-es","tag-penarroya-es"],"aioseo_notices":[],"_links":{"self":[{"href":"https:\/\/www.bca.ad\/es\/wp-json\/wp\/v2\/posts\/11895","targetHints":{"allow":["GET"]}}],"collection":[{"href":"https:\/\/www.bca.ad\/es\/wp-json\/wp\/v2\/posts"}],"about":[{"href":"https:\/\/www.bca.ad\/es\/wp-json\/wp\/v2\/types\/post"}],"author":[{"embeddable":true,"href":"https:\/\/www.bca.ad\/es\/wp-json\/wp\/v2\/users\/102"}],"replies":[{"embeddable":true,"href":"https:\/\/www.bca.ad\/es\/wp-json\/wp\/v2\/comments?post=11895"}],"version-history":[{"count":0,"href":"https:\/\/www.bca.ad\/es\/wp-json\/wp\/v2\/posts\/11895\/revisions"}],"wp:featuredmedia":[{"embeddable":true,"href":"https:\/\/www.bca.ad\/es\/wp-json\/wp\/v2\/media\/11893"}],"wp:attachment":[{"href":"https:\/\/www.bca.ad\/es\/wp-json\/wp\/v2\/media?parent=11895"}],"wp:term":[{"taxonomy":"category","embeddable":true,"href":"https:\/\/www.bca.ad\/es\/wp-json\/wp\/v2\/categories?post=11895"},{"taxonomy":"post_tag","embeddable":true,"href":"https:\/\/www.bca.ad\/es\/wp-json\/wp\/v2\/tags?post=11895"}],"curies":[{"name":"wp","href":"https:\/\/api.w.org\/{rel}","templated":true}]}}