{"id":11968,"date":"2018-02-24T00:08:04","date_gmt":"2018-02-24T00:08:04","guid":{"rendered":"http:\/\/www.bca.ad\/89-85-impressionant-pero-insuficient-reaccio-contra-pau-orthez\/"},"modified":"2018-02-24T00:10:14","modified_gmt":"2018-02-24T00:10:14","slug":"89-85-impressionant-pero-insuficient-reaccio-contra-pau-orthez","status":"publish","type":"post","link":"https:\/\/www.bca.ad\/es\/89-85-impressionant-pero-insuficient-reaccio-contra-pau-orthez\/","title":{"rendered":"(89-85) Impresionante pero insuficiente reacci\u00f3n contra Pau Orthez"},"content":{"rendered":"<p><strong><span style=\"color: #000000; font-family: Calibri;\">El Bc MoraBanc Andorra perdi\u00f3 ayer con El Pau-Orthez por 89-85 en un amistoso jugado en la localidad francesa de Lezat que sirvi\u00f3 los de Joan Pe\u00f1arroya para mantener el ritmo competitivo teniendo en cuenta que este fin de semana no hay <\/span><\/strong><span style=\"font-family: Calibri;\"><span title=\"ha Lliga Endesa perqu\u00e8 la competici\u00f3 est\u00e0 aturada per les finestres FIBA.\n\"><span style=\"color: #000000;\"><strong>Liga Endesa<\/strong> por qu\u00e9 la competici\u00f3n est\u00e1 parada por las ventanas FIBA.<br \/>\n<\/span> <\/span><span style=\"color: #000000;\"><strong><span title=\"Com a test el matx deixa com a conclusi\u00f3 positiva la impressionant reacci\u00f3 final que va portar els tricolors a estar a prop d\u2019igualar un partit que semblava perdud\u00edssim.\">Como test el encuentro deja como conclusi\u00f3n positiva la impresionante reacci\u00f3n final que llev\u00f3 a los tricolores a estar cerca de igualar un partido que parec\u00eda perdid\u00edsimo. <\/span><span title=\"I \u00e9s que l\u2019equip franc\u00e8s dominava per 83-65 a falta de tot just 4 minuts.\">Y es que el equipo franc\u00e9s dominaba por 83-65 a falta de apenas 4 minutos. <\/span><\/strong><span title=\"D\u2019aquest resultat es va passar a un 85-83 amb 26 segons per jugar que deixava les coses absolutament en suspens per\u00f2 al final potser va faltar una mica m\u00e9s de temps.\">De este resultado se pas\u00f3 a un 85-83 con 26 segundos por jugar que dejaba las cosas absolutamente en suspenso pero al final quiz\u00e1 falt\u00f3 un poco m\u00e1s de tiempo. <\/span><span title=\"Tamb\u00e9 \u00e9s cert que en el darrer minut el Pau va tenir sang freda en els tirs lliures per segellar a vict\u00f2ria.\">Tambi\u00e9n es cierto que en el \u00faltimo minuto Pau tuvo sangre fr\u00eda en los tiros libres para sellar a victoria. <\/span><span title=\"El partit tamb\u00e9 va servir per seguir rodant Colton Iverson (va acabar amb 8 punts) i tamb\u00e9 per posar a prova l\u2019estat de forma de diversos jugadors que van assumir la responsabilitat davant les baixes de Jaime, Albicy, Karnowski i Blazic.\">El partido tambi\u00e9n sirvi\u00f3 para seguir rodando Colton Iverson (termin\u00f3 con 8 puntos) y tambi\u00e9n para poner a prueba el estado de forma de varios jugadores que asumir la responsabilidad ante las bajas de Jaime, Albicy, Karnowski y Blazic. <\/span><\/span><\/span><span title=\"Jel\u00ednek va anotar 24 punts, Shurna 14, Walker 12 i Jankovic 10, per\u00f2 atenci\u00f3 perqu\u00e8 l\u2019aler grec va repartir 9 assist\u00e8ncies.\n\"><span style=\"font-family: Calibri;\"><span style=\"color: #000000;\">Jel\u00ednek anot\u00f3 24 puntos, Shurna 14, Walker 12 y Jankovic 10, pero atenci\u00f3n porque el alero griego reparti\u00f3 9 asistencias.<br \/>\n<\/span> <\/span><\/span><span style=\"font-family: Calibri;\"><span title=\"La part negativa de l\u2019enfrontament (42-33 al descans) va ser la falta d\u2019intensitat en alguns moments que va generar moltes cistelles f\u00e0cils dels rival a partir sobretot de p\u00e8rdues de pilota.\n\"><span style=\"color: #000000;\">La parte negativa del enfrentamiento (42-33 al descanso) fue la falta de intensidad en algunos momentos que gener\u00f3 muchas canastas f\u00e1ciles de rival a partir sobre todo de p\u00e9rdidas de bal\u00f3n.<br \/>\n<\/span> <\/span><strong><span title=\"Aquest cap de setmana l\u2019equip descansa i el seg\u00fcent la competici\u00f3 tornar\u00e0 amb tot el seu encant ja que el MoraBanc Andorra visitar\u00e0 la dif\u00edcil pista de l\u2019Iberostar Tenerife.\"><span style=\"color: #000000;\">Este fin de semana el equipo descansa y el siguiente la competici\u00f3n volver\u00e1 con todo su encanto ya que el MoraBanc Andorra visitar\u00e1 la dif\u00edcil pista del Iberostar Tenerife.<\/span><\/span><\/strong><\/span><\/p>\n<p>&nbsp;<\/p>\n<p><strong><span style=\"color: #000000; font-family: Calibri;\">Aquest cap de setmana l\u2019equip descansa i el seg\u00fcent la competici\u00f3 tornar\u00e0 amb tot el seu encant ja que el MoraBanc Andorra visitar\u00e0 la dif\u00edcil pista de l\u2019Iberostar Tenerife.<\/span><\/strong><\/p>\n<p>&nbsp;<\/p>\n","protected":false},"excerpt":{"rendered":"<p>El Bc MoraBanc Andorra perdi\u00f3 ayer con El Pau-Orthez por 89-85 en un amistoso jugado en la localidad francesa de Lezat que sirvi\u00f3 los de Joan Pe\u00f1arroya para mantener el ritmo competitivo teniendo en cuenta que este fin de semana no hay Liga Endesa por qu\u00e9 la competici\u00f3n est\u00e1 parada por las ventanas FIBA. Como [&hellip;]<\/p>\n","protected":false},"author":102,"featured_media":11966,"comment_status":"closed","ping_status":"closed","sticky":false,"template":"","format":"standard","meta":{"om_disable_all_campaigns":false,"inline_featured_image":false,"_monsterinsights_skip_tracking":false,"_monsterinsights_sitenote_active":false,"_monsterinsights_sitenote_note":"","_monsterinsights_sitenote_category":0,"_uf_show_specific_survey":0,"_uf_disable_surveys":false,"footnotes":""},"categories":[150,109],"tags":[152,325,606,239,560,755,620,177,243,739,624],"class_list":["post-11968","post","type-post","status-publish","format-standard","has-post-thumbnail","hentry","category-basquet-club-andorra-es","category-morabanc-andorra-es","tag-acb-es","tag-acbandorra-es","tag-albicy-es","tag-francesc-solana-ca-es","tag-gorka-aixas-es-es","tag-jankovic-es","tag-jelinek-es","tag-joan-penarroya-es","tag-liga-endesa-es","tag-moussa-es","tag-walker-es"],"aioseo_notices":[],"_links":{"self":[{"href":"https:\/\/www.bca.ad\/es\/wp-json\/wp\/v2\/posts\/11968","targetHints":{"allow":["GET"]}}],"collection":[{"href":"https:\/\/www.bca.ad\/es\/wp-json\/wp\/v2\/posts"}],"about":[{"href":"https:\/\/www.bca.ad\/es\/wp-json\/wp\/v2\/types\/post"}],"author":[{"embeddable":true,"href":"https:\/\/www.bca.ad\/es\/wp-json\/wp\/v2\/users\/102"}],"replies":[{"embeddable":true,"href":"https:\/\/www.bca.ad\/es\/wp-json\/wp\/v2\/comments?post=11968"}],"version-history":[{"count":0,"href":"https:\/\/www.bca.ad\/es\/wp-json\/wp\/v2\/posts\/11968\/revisions"}],"wp:featuredmedia":[{"embeddable":true,"href":"https:\/\/www.bca.ad\/es\/wp-json\/wp\/v2\/media\/11966"}],"wp:attachment":[{"href":"https:\/\/www.bca.ad\/es\/wp-json\/wp\/v2\/media?parent=11968"}],"wp:term":[{"taxonomy":"category","embeddable":true,"href":"https:\/\/www.bca.ad\/es\/wp-json\/wp\/v2\/categories?post=11968"},{"taxonomy":"post_tag","embeddable":true,"href":"https:\/\/www.bca.ad\/es\/wp-json\/wp\/v2\/tags?post=11968"}],"curies":[{"name":"wp","href":"https:\/\/api.w.org\/{rel}","templated":true}]}}