{"id":11995,"date":"2018-03-02T11:31:53","date_gmt":"2018-03-02T11:31:53","guid":{"rendered":"http:\/\/www.bca.ad\/previa-la-normalitat-torna-amb-un-gran-partit-a-tenerife\/"},"modified":"2018-03-02T11:34:59","modified_gmt":"2018-03-02T11:34:59","slug":"previa-la-normalitat-torna-amb-un-gran-partit-a-tenerife","status":"publish","type":"post","link":"https:\/\/www.bca.ad\/es\/previa-la-normalitat-torna-amb-un-gran-partit-a-tenerife\/","title":{"rendered":"(PREVIA) La normalidad vuelve con un gran partido en Tenerife"},"content":{"rendered":"<p><strong><span style=\"color: #000000;\"><span style=\"font-family: Calibri;\">Se ha hecho largo. <span title=\"Ning\u00fa no ho nega per\u00f2 per f\u00ed torna l\u2019activitat normal.\">Nadie lo niega pero por fin vuelve la actividad normal. <\/span><\/span><\/span><\/strong><span style=\"font-family: Calibri;\"><span title=\"El MoraBanc Andorra visita diumenge a les 13h30 (hora d\u2019aqu\u00ed) l\u2019Iberostar Tenerife (TV al 275 de la fibra Andorra Telecom a Movistar Deportes 5 i r\u00e0dio a RNA).\n\"><span style=\"color: #000000;\"><strong>El MoraBanc Andorra visita el domingo a las 13h30 (hora de aqu\u00ed) el Iberostar Tenerife (TV al 275 de la fibra Andorra Telecom a Movistar Deportes 5 y radio a RNA).<\/strong><br \/>\n<\/span> <\/span><span style=\"color: #000000;\"><span title=\"I \u00e9s que en condicions normals l\u2019aturada per la Copa i les finestres FIBA s\u2019ha fet llarga per\u00f2 encara s\u2019ha fet m\u00e9s perqu\u00e8 els primers mesos de temporada van acostumar l\u2019equip a una activitat fren\u00e8tica compatibilitzant Eurocup i Lliga Endesa.\"><strong>Y es que en condiciones normales el par\u00f3n por la Copa y las ventanas FIBA \u200b\u200bha hecho larga pero todav\u00eda ha hecho m\u00e1s para los primeros meses de temporada acostumbraron al equipo a una actividad fren\u00e9tica compatibilizando Eurocup y Liga Endesa<\/strong>. <\/span><span title=\"Per\u00f2 els t\u00fanels sempre s'acaben i un cop superat el que queda \u00e9s un duel apassionant perqu\u00e8 els de Pe\u00f1arroya visiten un semifinalista de Copa i un equip que est\u00e0 just al darrere a la classificaci\u00f3 amb el mateix nombre de vict\u00f2ries i derrotes (11 i 9\">Pero los t\u00faneles siempre terminan y una vez superado lo que queda es un duelo apasionante que los de Pe\u00f1arroya visitan un semifinalista de Copa y un equipo que est\u00e1 justo detr\u00e1s en la clasificaci\u00f3n con el mismo n\u00famero de victorias y derrotas (11 y 9 <\/span><span title=\").\">). <\/span><span title=\"Tamb\u00e9 cal comentar la solidesa dels canaris com a locals i m\u00e9s des que el grec Fotis Katsikaris es va fer c\u00e0rrec de l\u2019equip substituint Markovic, el t\u00e8cnic que havia comen\u00e7at la temporada.\">Tambi\u00e9n hay que comentar la solidez de los canarios como locales y m\u00e1s desde que el griego Fotis Katsikaris se hizo cargo del equipo sustituyendo Markovic, el t\u00e9cnico que hab\u00eda comenzado la temporada. <\/span><span title=\"Les armes de l\u2019Iberostar Tenerife s\u00f3n molt variades a nivell individual i col\u00b7lectiu.\">Las armas del Iberostar Tenerife son muy variadas a nivel individual y colectivo. <\/span><span title=\"Es tracta d\u2019un conjunt que mastega for\u00e7a els atacs, ja des de l\u2019\u00e8poca de Vidorreta, i que fa que els partits siguin sempre complicats perqu\u00e8 les defenses rivals han de tenir molta paci\u00e8ncia.\">Se trata de un conjunto que mastica fuerza los ataques, ya desde la \u00e9poca de Vidorreta, y que hace que los partidos sean siempre complicados porque las defensas rivales deben tener mucha paciencia. <\/span><\/span><\/span><span style=\"font-family: Calibri;\"><span title=\"A t\u00edtol individual Beir\u00e1n, Fran V\u00e1zquez, Davin White, Abromaitis o Vasileadis entre d\u2019altres conformen un elenc temible, i m\u00e9s a casa.\n\"><span style=\"color: #000000;\">A t\u00edtulo individual Beir\u00e1n, Fran V\u00e1zquez, Davin White, Abromaitis o Vasileadis entre otros conforman un elenco temible, y m\u00e1s en casa.<br \/>\n<\/span> <\/span><strong><span style=\"color: #000000;\"><span title=\"\u201cEstar tants dies sense jugar \u00e9s un desastre\u201d.\">&#8220;Estar tantos d\u00edas sin jugar es un desastre&#8221;. <\/span><span title=\"Pe\u00f1arroya ha comen\u00e7at a alt voltatge avui la Roda de premsa pr\u00e8via al partit de diumenge.\">Pe\u00f1arroya ha comenzado a alto voltaje hoy la Rueda de prensa previa al partido del domingo. <\/span><span title=\"\u201cFins dimecres no hem pogut comptar amb tots els jugadors per entrenar\u201d ha continuat el t\u00e8cnic, que ha volgut tamb\u00e9 recordar-se \u201cdels aficionats que \u201cestaran m\u00e9s d\u2019un mes sense veure l\u2019equip, un desastre\u201d.\">&#8220;Hasta el mi\u00e9rcoles no hemos podido contar con todos los jugadores para entrenar&#8221; ha continuado el t\u00e9cnico, que ha querido tambi\u00e9n recordarse &#8220;de los aficionados que&#8221; estar\u00e1n m\u00e1s de un mes sin ver el equipo, un desastre &#8220;. <\/span><\/span><\/strong><\/span><span style=\"font-family: Calibri;\"><span title=\"Dit aix\u00f2, l\u2019entrenador del MoraBanc Andorra ha manifestat que \u201ccrec que estem b\u00e9 i que estem preparats per visitar un equip que estic segur que estar\u00e0 a la lluita pel playoff, espero ue nosaltres tamb\u00e9&quot;.\n\"><span style=\"color: #000000;\">Dicho esto, el entrenador del MoraBanc Andorra ha manifestado que &#8220;creo que estamos bien y que estamos preparados para visitar un equipo que estoy seguro de que estar\u00e1 en la lucha por el playoff, espero ue nosotros tambi\u00e9n&#8221;.<br \/>\n<\/span> <\/span><span style=\"color: #000000;\"><span title=\"Jaka Blazic ha coincidit amb el t\u00e8cnic sobre la import\u00e0ncia del partit \u201ctots els de la segona volta ho s\u00f3n per\u00f2 aquest encara m\u00e9s per jugar contra un rival directe\u201d.\">Jaka Blazic coincidi\u00f3 con el t\u00e9cnico sobre la importancia del partido &#8220;todos los de la segunda vuelta lo son pero este a\u00fan m\u00e1s para jugar contra un rival directo&#8221;. <\/span><span title=\"L\u2019escorta eslov\u00e8 ha afirmat tamb\u00e9 que \u201cels partits amb la selecci\u00f3 han anat b\u00e9 per la meva confian\u00e7a tot i perdre el darrer per\u00f2 he de dir que en aquest sentit he estat b\u00e9 de confian\u00e7a tota la temporada\u201d.\">El escolta esloveno ha afirmado tambi\u00e9n que &#8220;los partidos con la selecci\u00f3n han ido bien para mi confianza a pesar de perder el \u00faltimo pero tengo que decir que en este sentido he estado bien de confianza toda la temporada&#8221;.<\/span><\/span><\/span><\/p>\n<p>&nbsp;<\/p>\n","protected":false},"excerpt":{"rendered":"<p>Se ha hecho largo. Nadie lo niega pero por fin vuelve la actividad normal. El MoraBanc Andorra visita el domingo a las 13h30 (hora de aqu\u00ed) el Iberostar Tenerife (TV al 275 de la fibra Andorra Telecom a Movistar Deportes 5 y radio a RNA). Y es que en condiciones normales el par\u00f3n por la [&hellip;]<\/p>\n","protected":false},"author":102,"featured_media":11993,"comment_status":"closed","ping_status":"closed","sticky":false,"template":"","format":"standard","meta":{"om_disable_all_campaigns":false,"inline_featured_image":false,"_monsterinsights_skip_tracking":false,"_monsterinsights_sitenote_active":false,"_monsterinsights_sitenote_note":"","_monsterinsights_sitenote_category":0,"_uf_show_specific_survey":0,"_uf_disable_surveys":false,"footnotes":""},"categories":[150,109],"tags":[152,325,606,768,611,239,752,755,620,177,243,521,739,634,624],"class_list":["post-11995","post","type-post","status-publish","format-standard","has-post-thumbnail","hentry","category-basquet-club-andorra-es","category-morabanc-andorra-es","tag-acb-es","tag-acbandorra-es","tag-albicy-es","tag-blazic-es","tag-burjanadze-es","tag-francesc-solana-ca-es","tag-jaime-es","tag-jankovic-es","tag-jelinek-es","tag-joan-penarroya-es","tag-liga-endesa-es","tag-morabanc-andorra-es2","tag-moussa-es","tag-stevic-es","tag-walker-es"],"aioseo_notices":[],"_links":{"self":[{"href":"https:\/\/www.bca.ad\/es\/wp-json\/wp\/v2\/posts\/11995","targetHints":{"allow":["GET"]}}],"collection":[{"href":"https:\/\/www.bca.ad\/es\/wp-json\/wp\/v2\/posts"}],"about":[{"href":"https:\/\/www.bca.ad\/es\/wp-json\/wp\/v2\/types\/post"}],"author":[{"embeddable":true,"href":"https:\/\/www.bca.ad\/es\/wp-json\/wp\/v2\/users\/102"}],"replies":[{"embeddable":true,"href":"https:\/\/www.bca.ad\/es\/wp-json\/wp\/v2\/comments?post=11995"}],"version-history":[{"count":0,"href":"https:\/\/www.bca.ad\/es\/wp-json\/wp\/v2\/posts\/11995\/revisions"}],"wp:featuredmedia":[{"embeddable":true,"href":"https:\/\/www.bca.ad\/es\/wp-json\/wp\/v2\/media\/11993"}],"wp:attachment":[{"href":"https:\/\/www.bca.ad\/es\/wp-json\/wp\/v2\/media?parent=11995"}],"wp:term":[{"taxonomy":"category","embeddable":true,"href":"https:\/\/www.bca.ad\/es\/wp-json\/wp\/v2\/categories?post=11995"},{"taxonomy":"post_tag","embeddable":true,"href":"https:\/\/www.bca.ad\/es\/wp-json\/wp\/v2\/tags?post=11995"}],"curies":[{"name":"wp","href":"https:\/\/api.w.org\/{rel}","templated":true}]}}