{"id":12102,"date":"2018-03-16T11:38:17","date_gmt":"2018-03-16T11:38:17","guid":{"rendered":"http:\/\/www.bca.ad\/guardonats-per-la-cea-per-la-promocio-dandorra\/"},"modified":"2018-03-16T11:45:12","modified_gmt":"2018-03-16T11:45:12","slug":"guardonats-per-la-cea-per-la-promocio-dandorra","status":"publish","type":"post","link":"https:\/\/www.bca.ad\/es\/guardonats-per-la-cea-per-la-promocio-dandorra\/","title":{"rendered":"Galardonados por la CEA per la promoci\u00f3n de Andorra"},"content":{"rendered":"<p><span style=\"color: #000000;\"><span style=\"font-family: Calibri;\"><strong>El Bc MoraBanc Andorra recibi\u00f3 ayer el reconocimiento a la promoci\u00f3n de Andorra de la CEA en una gala celebrada en el Andorra Park Hotel<\/strong>, que reuni\u00f3 a buena parte de los nombres m\u00e1s destacados del mundo de la empresa, la pol\u00edtica y la vida social en <span title=\"Andorra.\">Andorra. <\/span><\/span><\/span><span style=\"font-family: Calibri;\"><span title=\"El guard\u00f3 va voler recon\u00e8ixer la tasca feta pel club en la promoci\u00f3 d\u2019Andorra.\n\"><span style=\"color: #000000;\">El galard\u00f3n quiso reconocer la labor realizada por el club en la promoci\u00f3n de Andorra.<br \/>\n<\/span> <\/span><span style=\"color: #000000;\"><span title=\"\u201cNo \u00e9s habitual que ens donin premis i per nosaltres avui \u00e9s com si guany\u00e9ssim un t\u00edtol, ens fa molta il\u00b7lusi\u00f3 va afirmar el president Gorka Aix\u00e0s quan va recollir el premi.\">&#8220;No es habitual que nos den premios y para nosotros hoy es como si gan\u00e1ramos un t\u00edtulo, nos hace mucha ilusi\u00f3n afirm\u00f3 el presidente Gorka Aix\u00e0s cuando recogi\u00f3 el premio. <\/span><span title=\"El dirigent va destacar la plataforma de la Lliga Endesa i l'Eurocup per oferir una bona imatge d'Andorra \u201ca trav\u00e9s de l'esport hem arribat a m\u00e9s de 140 pa\u00efsos en els que s'ha parlat d'Andorra, alguns dels nostres\">El dirigente destac\u00f3 la plataforma de la Liga Endesa y la Eurocup para ofrecer una buena imagen de Andorra &#8220;a trav\u00e9s del deporte hemos llegado a m\u00e1s de 140 pa\u00edses en los que se ha hablado de Andorra, algunos de nuestros <\/span><span title=\"partits de la temporada passada van estar entre els m\u00e9s vistos a la televisi\u00f3\u201d.\">partidos de la temporada pasada estuvieron entre los m\u00e1s vistos en la televisi\u00f3n &#8220;. <\/span><strong><span title=\"Un cop rebut el premi Aix\u00e0s a manifestava que \u201cavui \u00e9s un dia bonic, per compartir aquest reconeixement amb tots els nostres aficionats, per agrair el suport de tots els nostres patrocinadors i en especial dels nostres grans pilars: MoraBanc, Andorra Turisme i Govern\u201d\">Una vez recibido el premio Aix\u00e0s a manifestaba que &#8220;hoy es un d\u00eda bonito, para compartir este reconocimiento con todos nuestros aficionados, para agradecer el apoyo de todos nuestros patrocinadores y en especial de nuestros grandes pilares: MoraBanc, Andorra Turismo y Gobierno&#8221; <\/span><\/strong><\/span><\/span><span title=\".\n\"><span style=\"font-family: Calibri;\"><strong><span style=\"color: #000000;\">.<br \/>\n<\/span><\/strong><\/span><\/span><\/p>\n<p><span title=\".\n\"><span style=\"font-family: Calibri;\">L<\/span><\/span><span title=\"Els guardonats\n\"><span style=\"font-family: Calibri;\"><span style=\"color: #000000;\"><strong>os galardonados<\/strong><br \/>\n<\/span> <\/span><\/span><\/p>\n<p><span style=\"font-family: Calibri;\"><span title=\"El president de la CEA i el cap de Govern van ser els encarregats de lliurar els premis de les set categories.\n\"><span style=\"color: #000000;\">El presidente de la CEA Xavi Altmir y el Cap de Govern Toni Mart\u00ed fueron los encargados de entregar los premios de las siete categor\u00edas.<br \/>\n<\/span> <\/span><span title=\"El primer grup en recollir el reconeixement va ser Perfumeria J\u00falia, Premi a la Traject\u00f2ria Empresarial.\"><span style=\"color: #000000;\">El primer grupo en recoger el reconocimiento fue Perfumer\u00eda Julia, Premio a la Trayectoria Empresarial. <\/span><\/span><\/span><span style=\"font-family: Calibri;\"><span title=\"El Premi a l\u2019Emprenedoria i\/o Innovaci\u00f3 va ser per al projecte \u2018Merkaat\u2019, de Cr\u00e8dit Andorr\u00e0, en reconeixement per la conceptualitzaci\u00f3 i implementaci\u00f3 amb \u00e8xit d\u2019una nova idea, servei o producte.\n\"><span style=\"color: #000000;\">El Premio al Emprendimiento y \/ o Innovaci\u00f3n fue para el proyecto &#8216;Merkaat&#8217;, de Cr\u00e8dit Andorr\u00e0, en reconocimiento por la conceptualizaci\u00f3n e implementaci\u00f3n con \u00e9xito de una nueva idea, servicio o producto.<br \/>\n<\/span> <\/span><span style=\"color: #000000;\"><span title=\"Va ser guardonada en la categoria de Projecci\u00f3 Internacional l\u2019empresa Tag Systems, per la seva activitat exportadora a nivell mundial de productes fabricats a Andorra.\">Fue galardonada en la categor\u00eda de Proyecci\u00f3n Internacional la empresa Tag Systems, por su actividad exportadora a nivel mundial de productos fabricados en Andorra. <\/span><span title=\"El Premi de la Sostenibilitat s\u2019ha concedit a FEDA pel projecte sobre Mobilitat El\u00e8ctrica i el paper clau que aquest juga en el model de transformaci\u00f3 del pa\u00eds per assolir la sostenibilitat i l\u2019efici\u00e8ncia energ\u00e8tica.\">El Premio de la Sostenibilidad se ha concedido a nacional por el proyecto sobre Movilidad El\u00e9ctrica y el papel clave que este juega en el modelo de transformaci\u00f3n del pa\u00eds para alcanzar la sostenibilidad y la eficiencia energ\u00e9tica. <\/span><span title=\"El Rebost del Padr\u00ed ha estat el mereixedor d\u2019un dels guardons que s\u2019han estrenat en aquesta segona edici\u00f3: el Premi a l\u2019Empresa Inclusiva.\">La Despensa del Padrino ha sido el merecedor de uno de los galardones que se han estrenado en esta segunda edici\u00f3n: el Premio a la Empresa Inclusiva. <\/span><span title=\"Aquesta categoria s\u2019ha creat per recon\u00e8ixer i donar valor a aquelles organitzacions empresarials que hagin demostrat el seu comprom\u00eds cap a la inclusi\u00f3 laboral de les persones amb diversitat funcional.\">Esta categor\u00eda se ha creado para reconocer y dar valor a aquellas organizaciones empresariales que hayan demostrado su compromiso hacia la inclusi\u00f3n laboral de las personas con diversidad funcional. <\/span><span title=\"El Rebost del Padr\u00ed va n\u00e9ixer pel neguit d'un grup de gent que estima la seva terra i davant de la manca de productes criats o conreats a Andorra.\">La Despensa del Padrino naci\u00f3 por la inquietud de un grupo de gente que ama su tierra y ante la falta de productos criados o cultivados en Andorra. <\/span><\/span><\/span><span title=\"El seu objectiu \u00e9s el de potenciar i col\u00b7laborar amb tot el relacionat amb els productes del pa\u00eds.\n\"><span style=\"font-family: Calibri;\"><span style=\"color: #000000;\">Su objetivo es el de potenciar y colaborar con todo lo relacionado con los productos del pa\u00eds.<br \/>\n<\/span> <\/span><\/span><span style=\"font-family: Calibri;\"><span title=\"En la categoria de Reconeixement personal a l\u2019activitat de promoci\u00f3, el jurat dels premis va guardonar el B\u00e0squet Club MoraBanc Andorra per la tasca desenvolupada a l\u2019hora de donar a con\u00e8ixer el nom d\u2019Andorra arreu del m\u00f3n.\n\"><span style=\"color: #000000;\">En la categor\u00eda de Reconocimiento personal a la actividad de promoci\u00f3n, el jurado de los premios galardon\u00f3 el Baloncesto Club MoraBanc Andorra por la labor desarrollada a la hora de dar a conocer el nombre de Andorra todo el mundo.<br \/>\n<\/span> <\/span><span style=\"color: #000000;\"><span title=\"El Premi especial del jurat \u00e9s un gest de reconeixement a favor d'aquelles iniciatives empresarials que han contribu\u00eft a la generaci\u00f3 d'activitat econ\u00f2mica salvant els obstacles i assumint riscos en temps dif\u00edcils sent, d'aquesta manera, decisius en la projecci\u00f3 d'una\">El Premio especial del jurado es un gesto de reconocimiento a favor de aquellas iniciativas empresariales que han contribuido a la generaci\u00f3n de actividad econ\u00f3mica salvando los obst\u00e1culos y asumiendo riesgos en tiempos dif\u00edciles siendo, de este modo, decisivos en la proyecci\u00f3n de una <\/span><span title=\"bona imatge del pa\u00eds.\">buena imagen del pa\u00eds. <\/span><span title=\"El guard\u00f3 en aquesta categoria ha estat per a Caldea.\">El galard\u00f3n en esta categor\u00eda ha sido para Caldea. <\/span><span title=\"El centre termol\u00fadic va ser inaugurat el 1994, i des de la seva creaci\u00f3 fins al 2009, Caldea ha rebut m\u00e9s de 5 milions de visitants.\">El centro termol\u00fadico fue inaugurado en 1994, y desde su creaci\u00f3n hasta 2009, Caldea ha recibido m\u00e1s de 5 millones de visitantes.<\/span><\/span><\/span><\/p>\n<p>&nbsp;<\/p>\n","protected":false},"excerpt":{"rendered":"<p>El Bc MoraBanc Andorra recibi\u00f3 ayer el reconocimiento a la promoci\u00f3n de Andorra de la CEA en una gala celebrada en el Andorra Park Hotel, que reuni\u00f3 a buena parte de los nombres m\u00e1s destacados del mundo de la empresa, la pol\u00edtica y la vida social en Andorra. El galard\u00f3n quiso reconocer la labor realizada [&hellip;]<\/p>\n","protected":false},"author":102,"featured_media":12100,"comment_status":"closed","ping_status":"closed","sticky":false,"template":"","format":"standard","meta":{"om_disable_all_campaigns":false,"inline_featured_image":false,"_monsterinsights_skip_tracking":false,"_monsterinsights_sitenote_active":false,"_monsterinsights_sitenote_note":"","_monsterinsights_sitenote_category":0,"_uf_show_specific_survey":0,"_uf_disable_surveys":false,"footnotes":""},"categories":[150,109],"tags":[152,325,500,239,560,177,243,521],"class_list":["post-12102","post","type-post","status-publish","format-standard","has-post-thumbnail","hentry","category-basquet-club-andorra-es","category-morabanc-andorra-es","tag-acb-es","tag-acbandorra-es","tag-cea-es","tag-francesc-solana-ca-es","tag-gorka-aixas-es-es","tag-joan-penarroya-es","tag-liga-endesa-es","tag-morabanc-andorra-es2"],"aioseo_notices":[],"_links":{"self":[{"href":"https:\/\/www.bca.ad\/es\/wp-json\/wp\/v2\/posts\/12102","targetHints":{"allow":["GET"]}}],"collection":[{"href":"https:\/\/www.bca.ad\/es\/wp-json\/wp\/v2\/posts"}],"about":[{"href":"https:\/\/www.bca.ad\/es\/wp-json\/wp\/v2\/types\/post"}],"author":[{"embeddable":true,"href":"https:\/\/www.bca.ad\/es\/wp-json\/wp\/v2\/users\/102"}],"replies":[{"embeddable":true,"href":"https:\/\/www.bca.ad\/es\/wp-json\/wp\/v2\/comments?post=12102"}],"version-history":[{"count":0,"href":"https:\/\/www.bca.ad\/es\/wp-json\/wp\/v2\/posts\/12102\/revisions"}],"wp:featuredmedia":[{"embeddable":true,"href":"https:\/\/www.bca.ad\/es\/wp-json\/wp\/v2\/media\/12100"}],"wp:attachment":[{"href":"https:\/\/www.bca.ad\/es\/wp-json\/wp\/v2\/media?parent=12102"}],"wp:term":[{"taxonomy":"category","embeddable":true,"href":"https:\/\/www.bca.ad\/es\/wp-json\/wp\/v2\/categories?post=12102"},{"taxonomy":"post_tag","embeddable":true,"href":"https:\/\/www.bca.ad\/es\/wp-json\/wp\/v2\/tags?post=12102"}],"curies":[{"name":"wp","href":"https:\/\/api.w.org\/{rel}","templated":true}]}}