{"id":12208,"date":"2018-04-05T18:40:27","date_gmt":"2018-04-05T18:40:27","guid":{"rendered":"http:\/\/www.bca.ad\/arriba-el-joc-que-estimem-3\/"},"modified":"2018-04-05T18:43:01","modified_gmt":"2018-04-05T18:43:01","slug":"arriba-el-joc-que-estimem-3","status":"publish","type":"post","link":"https:\/\/www.bca.ad\/es\/arriba-el-joc-que-estimem-3\/","title":{"rendered":"Llega El Joc que estimem 3"},"content":{"rendered":"<p><span style=\"color: #000000; font-family: Calibri;\">Se acerca la presentaci\u00f3n del libro El juego que amamos 3 que tendr\u00e1 lugar el d\u00eda 18, de abril y que aspira a volver a ser uno de los libros importantes del pr\u00f3ximo Sant Jordi en nuestro pa\u00eds. Adem\u00e1s, como siempre, las ventas del libro se destinar\u00e1n \u00edntegramente a Unicef \u200b\u200bAndorra. El acto tendr\u00e1 lugar en el vest\u00edbulo de la sala del Prat del Roure (Avenida Esteve Albert) de Escaldes-Engordany) a las 19h30.<\/span><span style=\"color: #000000; font-family: Calibri;\">Los autores de los relatos firmar\u00e1n ejemplares y el evento contar\u00e1 con la presencia de todo el equipo del Bc MoraBanc Andorra. <\/span><span style=\"color: #000000; font-family: Calibri;\">Es un libro de 13 relatos cortos, con el amor al baloncesto como protagonista, prologados el ex jugador del Real Madrid y la selecci\u00f3n espa\u00f1ola <strong>Juanma Iturriaga.<\/strong><\/span><\/p>\n<p><span style=\"color: #000000; font-family: Calibri;\">\u00a0<\/span><strong><span style=\"color: #000000; font-family: Calibri;\">Los autores de los relatos son:<\/span><\/strong><\/p>\n<p><strong><span style=\"color: #000000; font-family: Calibri;\">\u00a0<\/span><\/strong><span style=\"color: #000000; font-family: Calibri;\"><strong>Jaka Blazic<\/strong>, jugador del BC MoraBanc Andorra<\/span><\/p>\n<p><span style=\"color: #000000; font-family: Calibri;\"><strong>Quique Villalobos<\/strong>, ex jugador del Festina Andorra y el Real Madrid<\/span><\/p>\n<p><span style=\"color: #000000; font-family: Calibri;\"><strong>David Carnicero<\/strong>, periodista Movistar +<\/span><\/p>\n<p><span style=\"color: #000000; font-family: Calibri;\"><strong>Joan Peruga,<\/strong> escritor<\/span><\/p>\n<p><span style=\"color: #000000; font-family: Calibri;\"><strong>Quim Colom,<\/strong> ex jugador del B\u00e0squet Club Andorra<\/span><\/p>\n<p><span style=\"color: #000000; font-family: Calibri;\"><strong>M\u00f3nica Bordas<\/strong>, periodista<\/span><\/p>\n<p><span style=\"color: #000000; font-family: Calibri;\"><strong>Isa Drets,<\/strong> t\u00e9cnica en comunicaci\u00f3n<\/span><\/p>\n<p><span style=\"color: #000000; font-family: Calibri;\"><strong>Gemma Rial<\/strong>, periodista RTVA<\/span><\/p>\n<p><span style=\"color: #000000; font-family: Calibri;\"><strong>Ricard Poy<\/strong>, Director del Diario de Andorra<\/span><\/p>\n<p><span style=\"color: #000000; font-family: Calibri;\"><strong>Ernest Maci\u00e0<\/strong>, periodista Catalu\u00f1a Radio<\/span><\/p>\n<p><span style=\"color: #000000; font-family: Calibri;\"><strong>Alex Oliva,<\/strong> periodista TV3<\/span><\/p>\n<p><span style=\"color: #000000; font-family: Calibri;\"><strong>Miguel \u00c1ngel Rodellar,<\/strong> preparador f\u00edsico Bc MoraBanc Andorra<\/span><\/p>\n<p><span style=\"color: #000000; font-family: Calibri;\"><strong>Gabriel Fern\u00e1ndez<\/strong>, Jefe de comunicaci\u00f3n Bc MoraBanc Andorra<\/span><\/p>\n<p>&nbsp;<\/p>\n<p>&nbsp;<\/p>\n<p>&nbsp;<\/p>\n<p>&nbsp;<\/p>\n<p>&nbsp;<\/p>\n<p>&nbsp;<\/p>\n<p>&nbsp;<\/p>\n","protected":false},"excerpt":{"rendered":"<p>Se acerca la presentaci\u00f3n del libro El juego que amamos 3 que tendr\u00e1 lugar el d\u00eda 18, de abril y que aspira a volver a ser uno de los libros importantes del pr\u00f3ximo Sant Jordi en nuestro pa\u00eds. Adem\u00e1s, como siempre, las ventas del libro se destinar\u00e1n \u00edntegramente a Unicef \u200b\u200bAndorra. El acto tendr\u00e1 lugar [&hellip;]<\/p>\n","protected":false},"author":102,"featured_media":12206,"comment_status":"closed","ping_status":"closed","sticky":false,"template":"","format":"standard","meta":{"om_disable_all_campaigns":false,"inline_featured_image":false,"_monsterinsights_skip_tracking":false,"_monsterinsights_sitenote_active":false,"_monsterinsights_sitenote_note":"","_monsterinsights_sitenote_category":0,"_uf_show_specific_survey":0,"_uf_disable_surveys":false,"footnotes":""},"categories":[150,109],"tags":[152,325,239,560,177,243,521],"class_list":["post-12208","post","type-post","status-publish","format-standard","has-post-thumbnail","hentry","category-basquet-club-andorra-es","category-morabanc-andorra-es","tag-acb-es","tag-acbandorra-es","tag-francesc-solana-ca-es","tag-gorka-aixas-es-es","tag-joan-penarroya-es","tag-liga-endesa-es","tag-morabanc-andorra-es2"],"aioseo_notices":[],"_links":{"self":[{"href":"https:\/\/www.bca.ad\/es\/wp-json\/wp\/v2\/posts\/12208","targetHints":{"allow":["GET"]}}],"collection":[{"href":"https:\/\/www.bca.ad\/es\/wp-json\/wp\/v2\/posts"}],"about":[{"href":"https:\/\/www.bca.ad\/es\/wp-json\/wp\/v2\/types\/post"}],"author":[{"embeddable":true,"href":"https:\/\/www.bca.ad\/es\/wp-json\/wp\/v2\/users\/102"}],"replies":[{"embeddable":true,"href":"https:\/\/www.bca.ad\/es\/wp-json\/wp\/v2\/comments?post=12208"}],"version-history":[{"count":0,"href":"https:\/\/www.bca.ad\/es\/wp-json\/wp\/v2\/posts\/12208\/revisions"}],"wp:featuredmedia":[{"embeddable":true,"href":"https:\/\/www.bca.ad\/es\/wp-json\/wp\/v2\/media\/12206"}],"wp:attachment":[{"href":"https:\/\/www.bca.ad\/es\/wp-json\/wp\/v2\/media?parent=12208"}],"wp:term":[{"taxonomy":"category","embeddable":true,"href":"https:\/\/www.bca.ad\/es\/wp-json\/wp\/v2\/categories?post=12208"},{"taxonomy":"post_tag","embeddable":true,"href":"https:\/\/www.bca.ad\/es\/wp-json\/wp\/v2\/tags?post=12208"}],"curies":[{"name":"wp","href":"https:\/\/api.w.org\/{rel}","templated":true}]}}