{"id":12225,"date":"2018-04-07T19:41:09","date_gmt":"2018-04-07T19:41:09","guid":{"rendered":"http:\/\/www.bca.ad\/88-75-molt-morabanc-pero-mes-baskonia\/"},"modified":"2018-04-07T19:50:40","modified_gmt":"2018-04-07T19:50:40","slug":"88-75-molt-morabanc-pero-mes-baskonia","status":"publish","type":"post","link":"https:\/\/www.bca.ad\/es\/88-75-molt-morabanc-pero-mes-baskonia\/","title":{"rendered":"(88-75) Mucho MoraBanc pero m\u00e1s Baskonia"},"content":{"rendered":"<p><span style=\"color: #000000;\"><span style=\"font-family: Calibri;\"><strong>Se anunciaba un gran partido en Vitoria y lo ha sido. <span title=\"El marcador final, 88-75, nom\u00e9s recull una veritat que \u00e9s la merescuda vict\u00f2ria local per\u00f2 no explica la igualtat que ha presidit el matx.\">El marcador final, 88-75, s\u00f3lo recoge una verdad que es la merecida victoria local pero no explica la igualdad que ha presidido el encuentro. <\/span><\/strong><span title=\"Els tricolors han plantat cara i han obligat els de Pedro Mart\u00ednez a activar tota l\u2019artilleria disponible.\">Los tricolores han plantado cara y han obligado a los de Pedro Mart\u00ednez a activar toda la artiller\u00eda disponible. <\/span><span title=\"Els locals han dominat tres quarts i el MoraBanc Andorra un, per\u00f2 el que ha dominat ha estat espectacular.\">Los locales han dominado tres cuartos y el MoraBanc Andorra uno, pero lo que ha dominado ha sido espectacular. <\/span><span title=\"Els primers 10 minuts han acabat amb 19-10, per\u00f2 al descans les coses estaven 34-40 i havien arribat a estar 30-40, per tant el parcial ha estat brutal pels de Pe\u00f1arroya, 11-20.\"><strong>Los primeros 10 minutos han acabado con 19-10, pero al descanso las cosas estaban 34-40 y hab\u00edan llegado a estar 30-40, por lo tanto el parcial ha sido brutal por los de Pe\u00f1arroya<\/strong>, 11-20. <\/span><span title=\"Bona defensa, intensitat, anticipaci\u00f3 i encert de fora han convertit els tricolors en una m\u00e0quina perfecta.\">Buena defensa, intensidad, anticipaci\u00f3n y acierto de fuera han convertido los tricolores en una m\u00e1quina perfecta. <\/span><span title=\"Tot i l\u2019avantatge al descans, tothom sabia que la reserva d\u2019energia baskonista estava encara per explotar.\">A pesar de la ventaja al descanso, todo el mundo sab\u00eda que la reserva de energ\u00eda baskonista estaba a\u00fan por explotar. <\/span><span title=\"I en el tercer quart ho ha fet.\">Y en el tercer cuarto lo ha hecho. <\/span><span title=\"El nivell f\u00edsic ha pujat molt, col\u00b7locant-se potser en un llist\u00f3 que aquesta temporada potser no s\u2019havia vist encara a cap rival.\">El nivel f\u00edsico ha subido mucho, coloc\u00e1ndose quiz\u00e1 en un list\u00f3n que esta temporada puede que no se hab\u00eda visto todav\u00eda a ning\u00fan rival. <\/span><span title=\"I a base d\u2019endurir tots els contactes els bascos han provocat p\u00e8rdues i han aconseguit reduir l\u2019alegria en el joc andorrana.\">Y a base de endurecer todos los contactos los vascos han provocado p\u00e9rdidas y han conseguido reducir la alegr\u00eda en el juego andorrana. <\/span><span title=\"Pel cam\u00ed tamb\u00e9 s\u2019han produ\u00eft algunes accions en qu\u00e8 semblava que el premi de la cistella estava cantat i que no han entrat.\">Por el camino tambi\u00e9n se han producido algunas acciones en las que parec\u00eda que el premio de la cesta estaba cantado y que no han entrado. <\/span><span title=\"I quan poses dos factors aix\u00ed i m\u00e9s contra un dels equips m\u00e9s en forma d'Europa la conclusi\u00f3 m\u00e9s probable \u00e9s que el partit s'escapi i que acabi, a m\u00e9s, amb una difer\u00e8ncia excessiva pel que s'ha vist durant 38 dels 40\">Y cuando pones dos factores as\u00ed y m\u00e1s contra uno de los equipos m\u00e1s en forma de Europa la conclusi\u00f3n m\u00e1s probable es que el partido se escape y que termine, adem\u00e1s, con una diferencia excesiva por lo visto durante 38 de los 40 <\/span><\/span><\/span><span style=\"font-family: Calibri;\"><span title=\"minuts.\n\"><span style=\"color: #000000;\">minutos.<br \/>\n<\/span> <\/span><span title=\"Per tant el resum seria que el repertori del MoraBanc estava plenament preparat per oferir una bona r\u00e8plica al Baskonia per\u00f2 no prou per guanyar el partit.\"><span style=\"color: #000000;\"><strong>Por lo tanto el resumen ser\u00eda que el repertorio del MoraBanc estaba plenamente preparado para ofrecer una buena r\u00e9plica al Baskonia pero no lo suficiente para ganar el partido<\/strong>. <\/span><\/span><\/span><span style=\"font-family: Calibri;\"><span title=\"I no \u00e9s un mal resum per\u00f2 no \u00e9s suficient per un grup que no es conforma i que ja pensa en el partit de dimecres a la complicada pista del Burgos.\n\"><span style=\"color: #000000;\">Y no es un mal resumen pero no es suficiente para un grupo que no se conforma y que ya piensa en el partido del mi\u00e9rcoles en la complicada pista del Burgos.<br \/>\n<\/span> <\/span><span style=\"color: #000000;\"><span title=\"Des de el punt de vista individual el jugador m\u00e9s valorat ha estat Oliver Stevic amb 12 gr\u00e0cies als 10 punts i 3 rebots que ha aportat.\">Desde el punto de vista individual el jugador m\u00e1s valorado ha sido Oliver Stevic con 12 gracias a los 10 puntos y 3 rebotes que ha aportado. <\/span><span title=\"El m\u00e0xim anotador ha estat Jaka Blazic amb 18 seguit de Shurna amb 11. Tamb\u00e9 cal remarcar les 7 assist\u00e8ncies de Jaime i les 5 d\u2019Albicy.\">El m\u00e1ximo anotador fue Jaka Blazic con 18 seguido de Shurna con 11. Tambi\u00e9n hay que destacar las 7 asistencias de Jaime y las 5 de Albicy.<\/span><\/span><\/span><\/p>\n<p>&nbsp;<\/p>\n","protected":false},"excerpt":{"rendered":"<p>Se anunciaba un gran partido en Vitoria y lo ha sido. El marcador final, 88-75, s\u00f3lo recoge una verdad que es la merecida victoria local pero no explica la igualdad que ha presidido el encuentro. Los tricolores han plantado cara y han obligado a los de Pedro Mart\u00ednez a activar toda la artiller\u00eda disponible. Los [&hellip;]<\/p>\n","protected":false},"author":102,"featured_media":12222,"comment_status":"closed","ping_status":"closed","sticky":false,"template":"","format":"standard","meta":{"om_disable_all_campaigns":false,"inline_featured_image":false,"_monsterinsights_skip_tracking":false,"_monsterinsights_sitenote_active":false,"_monsterinsights_sitenote_note":"","_monsterinsights_sitenote_category":0,"_uf_show_specific_survey":0,"_uf_disable_surveys":false,"footnotes":""},"categories":[150,109],"tags":[152,325,606,239,560,752,755,620,177,243,521,739,634,624],"class_list":["post-12225","post","type-post","status-publish","format-standard","has-post-thumbnail","hentry","category-basquet-club-andorra-es","category-morabanc-andorra-es","tag-acb-es","tag-acbandorra-es","tag-albicy-es","tag-francesc-solana-ca-es","tag-gorka-aixas-es-es","tag-jaime-es","tag-jankovic-es","tag-jelinek-es","tag-joan-penarroya-es","tag-liga-endesa-es","tag-morabanc-andorra-es2","tag-moussa-es","tag-stevic-es","tag-walker-es"],"aioseo_notices":[],"_links":{"self":[{"href":"https:\/\/www.bca.ad\/es\/wp-json\/wp\/v2\/posts\/12225","targetHints":{"allow":["GET"]}}],"collection":[{"href":"https:\/\/www.bca.ad\/es\/wp-json\/wp\/v2\/posts"}],"about":[{"href":"https:\/\/www.bca.ad\/es\/wp-json\/wp\/v2\/types\/post"}],"author":[{"embeddable":true,"href":"https:\/\/www.bca.ad\/es\/wp-json\/wp\/v2\/users\/102"}],"replies":[{"embeddable":true,"href":"https:\/\/www.bca.ad\/es\/wp-json\/wp\/v2\/comments?post=12225"}],"version-history":[{"count":0,"href":"https:\/\/www.bca.ad\/es\/wp-json\/wp\/v2\/posts\/12225\/revisions"}],"wp:featuredmedia":[{"embeddable":true,"href":"https:\/\/www.bca.ad\/es\/wp-json\/wp\/v2\/media\/12222"}],"wp:attachment":[{"href":"https:\/\/www.bca.ad\/es\/wp-json\/wp\/v2\/media?parent=12225"}],"wp:term":[{"taxonomy":"category","embeddable":true,"href":"https:\/\/www.bca.ad\/es\/wp-json\/wp\/v2\/categories?post=12225"},{"taxonomy":"post_tag","embeddable":true,"href":"https:\/\/www.bca.ad\/es\/wp-json\/wp\/v2\/tags?post=12225"}],"curies":[{"name":"wp","href":"https:\/\/api.w.org\/{rel}","templated":true}]}}