{"id":12422,"date":"2018-05-09T10:35:12","date_gmt":"2018-05-09T10:35:12","guid":{"rendered":"https:\/\/www.bca.ad\/?p=12422"},"modified":"2018-05-09T10:35:12","modified_gmt":"2018-05-09T10:35:12","slug":"el-pro-am-vuelve-a-ser-un-gran-exito","status":"publish","type":"post","link":"https:\/\/www.bca.ad\/es\/el-pro-am-vuelve-a-ser-un-gran-exito\/","title":{"rendered":"El PRO AM vuelve a ser un gran \u00e9xito"},"content":{"rendered":"<p><span style=\"color: #000000; font-family: Calibri;\">Volvi\u00f3 a ser una noche especial en la que las risas y el buen rollo fueron los grandes protagonistas del Pro Am que se celebr\u00f3 ayer en la BMB para reunir jugadores, t\u00e9cnicos y directivos con los patrocinadores del club. Es una jornada ya tradicional en e club (ayer se celebr\u00f3 la tercera edici\u00f3n) y entre los representantes de las diversas empresas parece que ya se prepare la cita que cada vez se respira m\u00e1s nivel competitivo.<\/span><\/p>\n<p><strong><span style=\"color: #000000; font-family: Calibri;\">Ayer la victoria fue por Xixerella Flyers entrenados por Joan Pe\u00f1arroya, que superaron en la final los Segudet Senators. La tercera plaza fue para los Luminarias Mystics y la cuarta por Fontaneda Avalanches. M\u00e1s all\u00e1 de jugar partidos con ganador y perdedor, la diversi\u00f3n fue la nota predominante de la noche en que se pudo ver interactuar a gusto a los jugadores del primer equipo con todo el mundo.<\/span><\/strong><\/p>\n<p><span style=\"color: #000000; font-family: Calibri;\"><strong>El MVP fue Pepe Pereira de Catalana Occidente,<\/strong> la jugadora revelaci\u00f3n M\u00f3nica Cadafalch de Molines Patrimonios y el premio m\u00e1s &#8220;buscado&#8221; de la noche se lo llev\u00f3, el No era tu d\u00eda &#8230;, se lo llev\u00f3 Cristina Cannes de Edicom.<\/span><\/p>\n<p><span style=\"color: #000000; font-family: Calibri;\">Pica y pica y entrega de premios para terminar y una promesa flotando en el ambiente para el a\u00f1o pr\u00f3ximo: Volveremos!<\/span><\/p>\n<p>&nbsp;<\/p>\n","protected":false},"excerpt":{"rendered":"<p>Volvi\u00f3 a ser una noche especial en la que las risas y el buen rollo fueron los grandes protagonistas del Pro Am que se celebr\u00f3 ayer en la BMB para reunir jugadores, t\u00e9cnicos y directivos con los patrocinadores del club. Es una jornada ya tradicional en e club (ayer se celebr\u00f3 la tercera edici\u00f3n) y [&hellip;]<\/p>\n","protected":false},"author":102,"featured_media":12420,"comment_status":"closed","ping_status":"closed","sticky":false,"template":"","format":"standard","meta":{"om_disable_all_campaigns":false,"inline_featured_image":false,"_monsterinsights_skip_tracking":false,"_monsterinsights_sitenote_active":false,"_monsterinsights_sitenote_note":"","_monsterinsights_sitenote_category":0,"_uf_show_specific_survey":0,"_uf_disable_surveys":false,"footnotes":""},"categories":[150,109],"tags":[152,325,606,193,239,560,752,755,620,177,243,521,624],"class_list":["post-12422","post","type-post","status-publish","format-standard","has-post-thumbnail","hentry","category-basquet-club-andorra-es","category-morabanc-andorra-es","tag-acb-es","tag-acbandorra-es","tag-albicy-es","tag-david-eudal-es","tag-francesc-solana-ca-es","tag-gorka-aixas-es-es","tag-jaime-es","tag-jankovic-es","tag-jelinek-es","tag-joan-penarroya-es","tag-liga-endesa-es","tag-morabanc-andorra-es2","tag-walker-es"],"aioseo_notices":[],"_links":{"self":[{"href":"https:\/\/www.bca.ad\/es\/wp-json\/wp\/v2\/posts\/12422","targetHints":{"allow":["GET"]}}],"collection":[{"href":"https:\/\/www.bca.ad\/es\/wp-json\/wp\/v2\/posts"}],"about":[{"href":"https:\/\/www.bca.ad\/es\/wp-json\/wp\/v2\/types\/post"}],"author":[{"embeddable":true,"href":"https:\/\/www.bca.ad\/es\/wp-json\/wp\/v2\/users\/102"}],"replies":[{"embeddable":true,"href":"https:\/\/www.bca.ad\/es\/wp-json\/wp\/v2\/comments?post=12422"}],"version-history":[{"count":0,"href":"https:\/\/www.bca.ad\/es\/wp-json\/wp\/v2\/posts\/12422\/revisions"}],"wp:featuredmedia":[{"embeddable":true,"href":"https:\/\/www.bca.ad\/es\/wp-json\/wp\/v2\/media\/12420"}],"wp:attachment":[{"href":"https:\/\/www.bca.ad\/es\/wp-json\/wp\/v2\/media?parent=12422"}],"wp:term":[{"taxonomy":"category","embeddable":true,"href":"https:\/\/www.bca.ad\/es\/wp-json\/wp\/v2\/categories?post=12422"},{"taxonomy":"post_tag","embeddable":true,"href":"https:\/\/www.bca.ad\/es\/wp-json\/wp\/v2\/tags?post=12422"}],"curies":[{"name":"wp","href":"https:\/\/api.w.org\/{rel}","templated":true}]}}