{"id":1890,"date":"2014-03-27T20:17:01","date_gmt":"2014-03-27T20:17:01","guid":{"rendered":"http:\/\/www.bca.ad\/?p=1890"},"modified":"2014-03-27T20:17:01","modified_gmt":"2014-03-27T20:17:01","slug":"un-partit-per-no-oblidar","status":"publish","type":"post","link":"https:\/\/www.bca.ad\/es\/un-partit-per-no-oblidar\/","title":{"rendered":"Un partit per no oblidar"},"content":{"rendered":"<p>La \u201cFesta de l\u2019Ascens\u201d ser\u00e0 motiu de molta celebraci\u00f3 al Poliesportiu, per\u00f2 en mig de tota aquesta festa hi ha un partit de b\u00e0squet i ning\u00fa ho ha d\u2019oblidar. Un duel entre River Andorra MoraBanc i Planasa Navarra acomiadar\u00e0 la lliga Adecco Or al Poliesportiu d\u2019Andorra. Dos equips amb din\u00e0miques diverses i que encaren la recta final de la lliga regular amb sensacions ben diferents.<\/p>\n<p>Ser\u00e0 el darrer partit a casa, el pen\u00faltim de la temporada. L\u2019ascens aconseguit la setmana passada ha deixat en segon pla el partit de la jornada 25, per\u00f2 s\u2019ha de jugar i per tant, mantenir el m\u00e0xim de respecte cap al rival i cap a la competici\u00f3. El t\u00e8cnic, Joan Pe\u00f1arroya, ho deixa aix\u00ed: <strong>\u201cEst\u00e0 clar que dem\u00e0 el partit ha de ser una festa per tot el que l\u2019envolta, per\u00f2 nosaltres no ens hem d\u2019oblidar que tamb\u00e9 hi ha un partit de b\u00e0squet, davant un rival en una situaci\u00f3 complicada, per tant hem de jugar el partit amb seriositat ja que \u00e9s la manera de respectar el rival, respectar la competici\u00f3 i respectant-se a nosaltres, per\u00f2 s\u00ed \u00e9s evident que l\u2019abans i despr\u00e8s ha de ser una celebraci\u00f3 del t\u00edtol aconseguit\u201d<\/strong>.<\/p>\n<p>Tamb\u00e9 ser\u00e0 un partit per veure el retorn a la pista del base Thomas Schreiner. El jugador austr\u00edac torna de la lesi\u00f3 que l\u2019ha mantingut apartat de les pistes durant m\u00e9s de dos mesos i ho far\u00e0 per rebre el premi de la seva afici\u00f3: <strong>\u201cEn principi es canviar\u00e0 i jugar\u00e0 uns minuts. Est\u00e0 lluny de la seva millor forma per\u00f2 l\u2019he vist b\u00e9. \u00c9s un motiu, dem\u00e0, per a ser-hi tots i participar del partit per poder rebre l\u2019homenatge\u201d<\/strong>.<\/p>\n<p>El mateix Schreiner confirmava en roda de premsa que no est\u00e0 al 100% per\u00f2 que en il\u2022lusi\u00f3 i ganes per tornar a jugar no el guanya ning\u00fa: \u201cLesi\u00f3 est\u00e0 b\u00e9. No tinc la for\u00e7a, ni el ritme, no tinc bona forma, per\u00f2 el que tinc \u00e9s moltes ganes de jugar. Per mi dem\u00e0 \u00e9s un dia important, especial i estic content de tornar, i m\u00e9s quan \u00e9s un partit aix\u00ed, amb molta gent i amb un premi a celebrar\u201d.<br \/>\nL\u2019afici\u00f3 tindr\u00e0 l\u2019oportunitat de gaudir del seu equip per darrera vegada aquesta temporada, la vinent ja pot ser a l\u2019ACB. D\u2019aqu\u00ed que Pe\u00f1arroya i l\u2019equip esperen un ple absolut: <strong>\u201cEspero que el pavell\u00f3 estar\u00e0 ple i amb ganes de gaudir, celebrar un esdeveniment important. Un t\u00edtol i pujar a la millor lliga d\u2019Europa \u00e9s alguna cosa important per celebrar al m\u00f3n del b\u00e0squet, al pa\u00eds i per a l\u2019esport. Un dia per gaudir tots d\u2019un treball ben fet, per felicitar la nostra afici\u00f3, per a que la nostra afici\u00f3 valori i estigui amb els seus jugadors\u201d<\/strong>.<\/p>\n<p>El base Schreiner tenia paraules emotives i d\u2019agra\u00efment per als seus companys, t\u00e8cnics i afici\u00f3. Un gr\u00e0cies pel suport ha estat el missatge m\u00e9s clar: <strong>\u201cEls meus companys sempre m\u2019han animat, nom\u00e9s vull dir gr\u00e0cies als meus companys, als t\u00e8cnics, al Chechu, a la gent del club, a l\u2019afici\u00f3&#8230;a tota la gent d\u2019Andorra vull dir gr\u00e0cies per tot el seu suport en aquests 2 \u00f3 3 mesos\u201d<\/strong>.<\/p>\n<p>Dem\u00e0 el Poliesportiu torna a acollir un partit de b\u00e0squet de l\u2019Adecco Or. Ser\u00e0 en mig de la \u201cFesta de l\u2019Ascens\u201d. Un River Andorra MoraBanc vsPlansa Navarra acomiadar\u00e0 la temporada al Principat.<\/p>\n<p>En cas de no poder seguir el partit i la festa en directe, ho podr\u00e0s fer per aquests canals:<br \/>\n-RNA\/ ATV i el web Andorra Difusi\u00f3<br \/>\n-Cadena Pirenaica<br \/>\n-Cadena SER Andorra<br \/>\n-Xarxes Socials del club<\/p>\n<p><strong>RIVER ANDORRA MORABANC vs PLANASA NAVARRA<\/strong><br \/>\nJornada 25 Adecco Or<br \/>\n28 de Mar\u00e7 a les 21h<br \/>\nPoliesportiu d\u2019Andorra<\/p>\n<p>Text: Comunicaci\u00f3 River Andorra MoraBanc<\/p>\n<p>Foto: Martin Imatge<\/p>\n","protected":false},"excerpt":{"rendered":"<p>La \u201cFesta de l\u2019Ascens\u201d ser\u00e0 motiu de molta celebraci\u00f3 al Poliesportiu, per\u00f2 en mig de tota aquesta festa hi ha un partit de b\u00e0squet i ning\u00fa ho ha d\u2019oblidar. Un duel entre River Andorra MoraBanc i Planasa Navarra acomiadar\u00e0 la lliga Adecco Or al Poliesportiu d\u2019Andorra. Dos equips amb din\u00e0miques diverses i que encaren la [&hellip;]<\/p>\n","protected":false},"author":102,"featured_media":0,"comment_status":"open","ping_status":"open","sticky":false,"template":"","format":"standard","meta":{"om_disable_all_campaigns":false,"inline_featured_image":false,"_monsterinsights_skip_tracking":false,"_monsterinsights_sitenote_active":false,"_monsterinsights_sitenote_note":"","_monsterinsights_sitenote_category":0,"_uf_show_specific_survey":0,"_uf_disable_surveys":false,"footnotes":""},"categories":[65,67],"tags":[136,126,143,137,141,142],"class_list":["post-1890","post","type-post","status-publish","format-standard","hentry","category-basquet-club-andorra","category-morabanc-andorra","tag-acb","tag-adecco-or","tag-jornada-25","tag-lliga-endesa","tag-planasa-navarra","tag-river-andorra-moarabanc"],"aioseo_notices":[],"_links":{"self":[{"href":"https:\/\/www.bca.ad\/es\/wp-json\/wp\/v2\/posts\/1890","targetHints":{"allow":["GET"]}}],"collection":[{"href":"https:\/\/www.bca.ad\/es\/wp-json\/wp\/v2\/posts"}],"about":[{"href":"https:\/\/www.bca.ad\/es\/wp-json\/wp\/v2\/types\/post"}],"author":[{"embeddable":true,"href":"https:\/\/www.bca.ad\/es\/wp-json\/wp\/v2\/users\/102"}],"replies":[{"embeddable":true,"href":"https:\/\/www.bca.ad\/es\/wp-json\/wp\/v2\/comments?post=1890"}],"version-history":[{"count":0,"href":"https:\/\/www.bca.ad\/es\/wp-json\/wp\/v2\/posts\/1890\/revisions"}],"wp:attachment":[{"href":"https:\/\/www.bca.ad\/es\/wp-json\/wp\/v2\/media?parent=1890"}],"wp:term":[{"taxonomy":"category","embeddable":true,"href":"https:\/\/www.bca.ad\/es\/wp-json\/wp\/v2\/categories?post=1890"},{"taxonomy":"post_tag","embeddable":true,"href":"https:\/\/www.bca.ad\/es\/wp-json\/wp\/v2\/tags?post=1890"}],"curies":[{"name":"wp","href":"https:\/\/api.w.org\/{rel}","templated":true}]}}