{"id":19396,"date":"2018-06-28T10:25:39","date_gmt":"2018-06-28T10:25:39","guid":{"rendered":"https:\/\/www.bca.ad\/david-eudal-y-paco-vazquez-continuan-como-entrenadores-ayudantes\/"},"modified":"2018-06-28T10:25:39","modified_gmt":"2018-06-28T10:25:39","slug":"david-eudal-y-paco-vazquez-continuan-como-entrenadores-ayudantes","status":"publish","type":"post","link":"https:\/\/www.bca.ad\/es\/david-eudal-y-paco-vazquez-continuan-como-entrenadores-ayudantes\/","title":{"rendered":"David Eudal y Paco V\u00e1zquez continuan como entrenadores ayudantes"},"content":{"rendered":"<p><strong>David Eudal y Paco V\u00e1zquez seguir\u00e1n siendo los entrenadores ayudantes en el cuerpo t\u00e9cnico del primer equipo<\/strong>. Ambos han desarrollado esta tarea las dos \u00faltimas temporadas en las que el club ha conseguido los mejores resultados de su historia. David Eudal es el seleccionador nacional de baloncesto y actualmente est\u00e1 en San Marino dirigiendo el equipo nacional en el Europeo de peque\u00f1os estados y Paco V\u00e1zquez forma parte del cuerpo t\u00e9cnico de la selecci\u00f3n espa\u00f1ola que disputa esta semana partidos de ventana FIBA en la fase de clasificaci\u00f3n para el mundial.&#8221;<strong>Ambos ayudar\u00e1n a Ibon Navarro a mantener la identidad que ha tenido el equipo en las \u00faltimas temporadas y que tan buenos resultados nos ha dado&#8221; destaca Francesc Solana valorando la continuidad de los dos ayudantes. El General Manager considera tambi\u00e9n que &#8220;los dos no han parado de crecer como entrenadores y eso tambi\u00e9n nos da mucho&#8221;.<\/strong><\/p>\n<p><strong>\u00a0<\/strong><\/p>\n","protected":false},"excerpt":{"rendered":"<p>David Eudal y Paco V\u00e1zquez seguir\u00e1n siendo los entrenadores ayudantes en el cuerpo t\u00e9cnico del primer equipo. Ambos han desarrollado esta tarea las dos \u00faltimas temporadas en las que el club ha conseguido los mejores resultados de su historia. David Eudal es el seleccionador nacional de baloncesto y actualmente est\u00e1 en San Marino dirigiendo el [&hellip;]<\/p>\n","protected":false},"author":102,"featured_media":19394,"comment_status":"closed","ping_status":"closed","sticky":false,"template":"","format":"standard","meta":{"om_disable_all_campaigns":false,"inline_featured_image":false,"_monsterinsights_skip_tracking":false,"_monsterinsights_sitenote_active":false,"_monsterinsights_sitenote_note":"","_monsterinsights_sitenote_category":0,"_uf_show_specific_survey":0,"_uf_disable_surveys":false,"footnotes":""},"categories":[150,109],"tags":[152,325,193,715,239,560,243,521,864],"class_list":["post-19396","post","type-post","status-publish","format-standard","has-post-thumbnail","hentry","category-basquet-club-andorra-es","category-morabanc-andorra-es","tag-acb-es","tag-acbandorra-es","tag-david-eudal-es","tag-eurocup-es","tag-francesc-solana-ca-es","tag-gorka-aixas-es-es","tag-liga-endesa-es","tag-morabanc-andorra-es2","tag-paco-vazquez-es"],"aioseo_notices":[],"_links":{"self":[{"href":"https:\/\/www.bca.ad\/es\/wp-json\/wp\/v2\/posts\/19396","targetHints":{"allow":["GET"]}}],"collection":[{"href":"https:\/\/www.bca.ad\/es\/wp-json\/wp\/v2\/posts"}],"about":[{"href":"https:\/\/www.bca.ad\/es\/wp-json\/wp\/v2\/types\/post"}],"author":[{"embeddable":true,"href":"https:\/\/www.bca.ad\/es\/wp-json\/wp\/v2\/users\/102"}],"replies":[{"embeddable":true,"href":"https:\/\/www.bca.ad\/es\/wp-json\/wp\/v2\/comments?post=19396"}],"version-history":[{"count":0,"href":"https:\/\/www.bca.ad\/es\/wp-json\/wp\/v2\/posts\/19396\/revisions"}],"wp:featuredmedia":[{"embeddable":true,"href":"https:\/\/www.bca.ad\/es\/wp-json\/wp\/v2\/media\/19394"}],"wp:attachment":[{"href":"https:\/\/www.bca.ad\/es\/wp-json\/wp\/v2\/media?parent=19396"}],"wp:term":[{"taxonomy":"category","embeddable":true,"href":"https:\/\/www.bca.ad\/es\/wp-json\/wp\/v2\/categories?post=19396"},{"taxonomy":"post_tag","embeddable":true,"href":"https:\/\/www.bca.ad\/es\/wp-json\/wp\/v2\/tags?post=19396"}],"curies":[{"name":"wp","href":"https:\/\/api.w.org\/{rel}","templated":true}]}}