{"id":19487,"date":"2018-07-19T11:19:35","date_gmt":"2018-07-19T11:19:35","guid":{"rendered":"https:\/\/www.bca.ad\/?p=19487"},"modified":"2018-07-19T11:43:54","modified_gmt":"2018-07-19T11:43:54","slug":"luz-para-la-bmb","status":"publish","type":"post","link":"https:\/\/www.bca.ad\/es\/luz-para-la-bmb\/","title":{"rendered":"Luz para la BMB"},"content":{"rendered":"<p><strong>Rafa Luz llega al BC MoraBanc Andorra convirti\u00e9ndose en el tercer fichaje de la pr\u00f3xima temporada 2018\/19.<\/strong><\/p>\n<p>El base nacido en Sao Paulo (Brasil) y nacionalizado espa\u00f1ol, tiene 26 a\u00f1os, 1&#8217;88 m de altura y llega a Andorra proveniente del Franca Brasile\u00f1o despu\u00e9s de un amplia trayectoria profesional. Conocedor de la Liga Endesa es un jugador formado en las categor\u00edas inferiores del Unicaja de M\u00e1laga, equipo con el que debuta en la ACB. Luz tambi\u00e9n ha vestido las camisetas del Granada, el Lucentum de Alicante, el Rio Naturaleza Monbus, con una temporada en Flamengo brasile\u00f1o para regresa a Espa\u00f1a de la mano del Baskonia. Con los vitorianos disputa la Euroleague.<\/p>\n<p>Los n\u00fameros del internacional brasile\u00f1o en su \u00faltima temporada en Brasil han sido de 6 puntos, 3 rebotes y 3 asistencias.<\/p>\n<p>Luz es un jugador que a pesar de ser joven, cuenta con amplia experiencia. Entre su palmar\u00e9s, campe\u00f3n del campeonato brasile\u00f1o NBB.<\/p>\n<p><strong>&#8220;Fichar a un jugador con gran experiencia que nos aportar\u00e1 direcci\u00f3n y control de juego&#8221;<\/strong> expone el GM del MoraBanc Andorra, Francesc Solana, que a\u00f1ade que <strong>&#8220;formar\u00e1 una pareja muy buena con Albicy, siendo un complemento perfecto&#8221;.<\/strong><\/p>\n","protected":false},"excerpt":{"rendered":"<p>Rafa Luz llega al BC MoraBanc Andorra convirti\u00e9ndose en el tercer fichaje de la pr\u00f3xima temporada 2018\/19. El base nacido en Sao Paulo (Brasil) y nacionalizado espa\u00f1ol, tiene 26 a\u00f1os, 1&#8217;88 m de altura y llega a Andorra proveniente del Franca Brasile\u00f1o despu\u00e9s de un amplia trayectoria profesional. Conocedor de la Liga Endesa es un [&hellip;]<\/p>\n","protected":false},"author":102,"featured_media":19485,"comment_status":"closed","ping_status":"closed","sticky":false,"template":"","format":"standard","meta":{"om_disable_all_campaigns":false,"inline_featured_image":false,"_monsterinsights_skip_tracking":false,"_monsterinsights_sitenote_active":false,"_monsterinsights_sitenote_note":"","_monsterinsights_sitenote_category":0,"_uf_show_specific_survey":0,"_uf_disable_surveys":false,"footnotes":""},"categories":[150,882,109],"tags":[715,883],"class_list":["post-19487","post","type-post","status-publish","format-standard","has-post-thumbnail","hentry","category-basquet-club-andorra-es","category-eurocup-es","category-morabanc-andorra-es","tag-eurocup-es","tag-rafa-luz-acb-es"],"aioseo_notices":[],"_links":{"self":[{"href":"https:\/\/www.bca.ad\/es\/wp-json\/wp\/v2\/posts\/19487","targetHints":{"allow":["GET"]}}],"collection":[{"href":"https:\/\/www.bca.ad\/es\/wp-json\/wp\/v2\/posts"}],"about":[{"href":"https:\/\/www.bca.ad\/es\/wp-json\/wp\/v2\/types\/post"}],"author":[{"embeddable":true,"href":"https:\/\/www.bca.ad\/es\/wp-json\/wp\/v2\/users\/102"}],"replies":[{"embeddable":true,"href":"https:\/\/www.bca.ad\/es\/wp-json\/wp\/v2\/comments?post=19487"}],"version-history":[{"count":0,"href":"https:\/\/www.bca.ad\/es\/wp-json\/wp\/v2\/posts\/19487\/revisions"}],"wp:featuredmedia":[{"embeddable":true,"href":"https:\/\/www.bca.ad\/es\/wp-json\/wp\/v2\/media\/19485"}],"wp:attachment":[{"href":"https:\/\/www.bca.ad\/es\/wp-json\/wp\/v2\/media?parent=19487"}],"wp:term":[{"taxonomy":"category","embeddable":true,"href":"https:\/\/www.bca.ad\/es\/wp-json\/wp\/v2\/categories?post=19487"},{"taxonomy":"post_tag","embeddable":true,"href":"https:\/\/www.bca.ad\/es\/wp-json\/wp\/v2\/tags?post=19487"}],"curies":[{"name":"wp","href":"https:\/\/api.w.org\/{rel}","templated":true}]}}