{"id":19813,"date":"2018-09-10T10:54:34","date_gmt":"2018-09-10T10:54:34","guid":{"rendered":"https:\/\/www.bca.ad\/tudissimula-la-nueva-campana-de-abonos-del-bc-morabanc-andorra\/"},"modified":"2018-09-10T10:54:34","modified_gmt":"2018-09-10T10:54:34","slug":"tudissimula-la-nueva-campana-de-abonos-del-bc-morabanc-andorra","status":"publish","type":"post","link":"https:\/\/www.bca.ad\/es\/tudissimula-la-nueva-campana-de-abonos-del-bc-morabanc-andorra\/","title":{"rendered":"#TuDissimula, la nueva campa\u00f1a de abonos del BC MoraBanc Andorra"},"content":{"rendered":"<p><strong>El Bc MoraBanc Andorra present\u00f3 hoy nueva campa\u00f1a de abonados para este mes de septiembre con el hashtag #TiDissimula y con un perfil que transmite a\u00fan m\u00e1s ambici\u00f3n y convicci\u00f3n para instalar el equipo en la categor\u00eda inmediatamente posterior a la de los grandes de la liga.<\/strong> La densa rueda de prensa de hoy tambi\u00e9n ha servido para presentar la nueva imagen del club, la nueva marca con la que el MoraBanc Andorra ser\u00e1 conocido en el mundo del baloncesto.<\/p>\n<p>&#8220;<strong>El club est\u00e1 en un momento bonito y es lo que \u00faltimo d\u00eda que competimos en liga terminamos eliminados en el Palau Blaugrana pero viviendo con nuestra afici\u00f3n una avalancha de emociones dif\u00edciles de describir&#8221; afirmaba en rueda de prensa el Jefe de comunicaci\u00f3n del club Gabriel Fern\u00e1ndez, que a\u00f1ad\u00eda &#8220;que desde ese d\u00eda han pasado tres meses en los que hemos acumulado ganas para seguir viviendo momentos as\u00ed, para competir y ganarnos el privilegio de so\u00f1ar como lo estamos haciendo&#8221;. &#8220;Adem\u00e1s esta rueda de prensa llega el d\u00eda despu\u00e9s de conseguir el \u00fanico t\u00edtulo ACB de la historia del club, no pod\u00edamos elegir un d\u00eda mejor para hacerla&#8221; ha a\u00f1adido Fern\u00e1ndez.<\/strong><\/p>\n<p>&nbsp;<\/p>\n<p>De ah\u00ed la necesidad de vertebrar esta ilusi\u00f3n con un discurso renovador, &#8220;aunque el relato se mantiene intacto, somos un club muy peque\u00f1o en relaci\u00f3n a otros pero ambicioso por no renunciar a ir siempre lo m\u00e1s lejos posible&#8221; . En esta idea, precisamente se basa toda la campa\u00f1a #TuDissumula este septiembre que protagonizan ni\u00f1os de la escuela de teatro l\u2019Animal y de la base. Los ni\u00f1os simulan una reuni\u00f3n de aspirantes al t\u00edtulo de la Liga que mantienen una agitada discusi\u00f3n sobre qui\u00e9n se llevar\u00e1 el t\u00edtulo. El papel del MoraBanc Andorra lo defienden dos astutas gemelas de nombre Mai y Miedo, que en un momento de confusi\u00f3n aprovechan y se llevan el trofeo. <strong>&#8220;La idea del spot y del #TuDissimula es retratar el lugar que nos da la competici\u00f3n, porque nos lo hemos ganado, a d\u00eda de hoy&#8221; expone Gabriel Fern\u00e1ndez. El Jefe de comunicaci\u00f3n lo desarrolla, &#8220;es evidente que estamos muy lejos de poder ser considerados favoritos a levantar una copa pero podemos tener el derecho a pensar que si los que llevan esta etiqueta desconectan un poco, nosotros tenemos que estar preparados para aprovecharlo &#8220;.<\/strong><\/p>\n<p>Sobre el cambio de imagen la exposici\u00f3n ha sido sencilla. &#8220;En los tiempos que corren las marcas de referencia en materia deportiva apuestan por marcas que tengan un contenido emotivo y que conecten con los aficionados, la que ten\u00edamos hasta ahora era muy correcta y sobria pero no pod\u00eda jugar ese papel&#8221; expone Gabriel Fern\u00e1ndez, que conten\u00eda &#8220;apostamos por una imagen m\u00e1s moderna y con un margen de aplicaci\u00f3n y desarrollo enorme cara a nuestros aficionados y toda la comunidad del baloncesto&#8221;. Sobre los componentes de la nueva marca, Gabriel Fern\u00e1ndez manifest\u00f3 que la imagen del Yeti transmite &#8220;valor, fuerza y \u200b\u200batrevimiento&#8221;, el bal\u00f3n nos contextualiza &#8220;en el baloncesto, nuestro deporte&#8221; y en las monta\u00f1as &#8220;que nos ubican y que hablan de nuestra tierra y nos conectan con el lema que siempre acompa\u00f1ar\u00e1 al club, Somos Un Pa\u00eds &#8220;.<\/p>\n<p><strong>Sobre la campa\u00f1a de septiembre, Fern\u00e1ndez afirm\u00f3 que &#8220;espera que la gente se anime y que en estas semanas aumente el que durante el verano ya ha sido un goteo constante de gent<\/strong>e. El prop\u00f3sito como siempre es crecer aunque somos conscientes de que por nuestra demograf\u00eda, el contexto ya nos va colocando cada vez m\u00e1s cerca de cifras que ya estar\u00e1n cerca de lo que se podr\u00eda considerar el techo de una comunidad potencial de seguidores como la nuestra &#8220;.<\/p>\n","protected":false},"excerpt":{"rendered":"<p>El Bc MoraBanc Andorra present\u00f3 hoy nueva campa\u00f1a de abonados para este mes de septiembre con el hashtag #TiDissimula y con un perfil que transmite a\u00fan m\u00e1s ambici\u00f3n y convicci\u00f3n para instalar el equipo en la categor\u00eda inmediatamente posterior a la de los grandes de la liga. La densa rueda de prensa de hoy tambi\u00e9n [&hellip;]<\/p>\n","protected":false},"author":102,"featured_media":19810,"comment_status":"closed","ping_status":"closed","sticky":false,"template":"","format":"standard","meta":{"om_disable_all_campaigns":false,"inline_featured_image":false,"_monsterinsights_skip_tracking":false,"_monsterinsights_sitenote_active":false,"_monsterinsights_sitenote_note":"","_monsterinsights_sitenote_category":0,"_uf_show_specific_survey":0,"_uf_disable_surveys":false,"footnotes":""},"categories":[150,109],"tags":[152,174,170,856,620,739,634],"class_list":["post-19813","post","type-post","status-publish","format-standard","has-post-thumbnail","hentry","category-basquet-club-andorra-es","category-morabanc-andorra-es","tag-acb-es","tag-francesc-solana","tag-gorka-aixas","tag-ibon-navarro-es","tag-jelinek-es","tag-moussa-es","tag-stevic-es"],"aioseo_notices":[],"_links":{"self":[{"href":"https:\/\/www.bca.ad\/es\/wp-json\/wp\/v2\/posts\/19813","targetHints":{"allow":["GET"]}}],"collection":[{"href":"https:\/\/www.bca.ad\/es\/wp-json\/wp\/v2\/posts"}],"about":[{"href":"https:\/\/www.bca.ad\/es\/wp-json\/wp\/v2\/types\/post"}],"author":[{"embeddable":true,"href":"https:\/\/www.bca.ad\/es\/wp-json\/wp\/v2\/users\/102"}],"replies":[{"embeddable":true,"href":"https:\/\/www.bca.ad\/es\/wp-json\/wp\/v2\/comments?post=19813"}],"version-history":[{"count":0,"href":"https:\/\/www.bca.ad\/es\/wp-json\/wp\/v2\/posts\/19813\/revisions"}],"wp:featuredmedia":[{"embeddable":true,"href":"https:\/\/www.bca.ad\/es\/wp-json\/wp\/v2\/media\/19810"}],"wp:attachment":[{"href":"https:\/\/www.bca.ad\/es\/wp-json\/wp\/v2\/media?parent=19813"}],"wp:term":[{"taxonomy":"category","embeddable":true,"href":"https:\/\/www.bca.ad\/es\/wp-json\/wp\/v2\/categories?post=19813"},{"taxonomy":"post_tag","embeddable":true,"href":"https:\/\/www.bca.ad\/es\/wp-json\/wp\/v2\/tags?post=19813"}],"curies":[{"name":"wp","href":"https:\/\/api.w.org\/{rel}","templated":true}]}}