{"id":19996,"date":"2018-10-01T15:16:04","date_gmt":"2018-10-01T15:16:04","guid":{"rendered":"https:\/\/www.bca.ad\/?p=19996"},"modified":"2018-10-01T15:22:56","modified_gmt":"2018-10-01T15:22:56","slug":"autocars-nadal-grup-julia-y-el-morabanc-seguiran-haciendo-kilometros-juntos","status":"publish","type":"post","link":"https:\/\/www.bca.ad\/es\/autocars-nadal-grup-julia-y-el-morabanc-seguiran-haciendo-kilometros-juntos\/","title":{"rendered":"Autocars Nadal\/Grup Juli\u00e0 y el MoraBanc Andorra seguir\u00e1n haciendo kil\u00f3metros juntos"},"content":{"rendered":"<p>El BC MoraBanc Andorra y Autocares Nadal\/Grupo Juli\u00e0 renuevan el acuerdo de patrocinio por dos temporadas.<\/p>\n<p>La empresa de autobuses pues, seguir\u00e1 siendo el Transporte Oficial del Club y acompa\u00f1ar\u00e1 al equipo en todos sus desplazamientos de la Liga Endesa y EuroCup. Las dos marcas llevan a\u00f1os colaborando para hacer realidad los objetivos temporada tras temporada, ahora lo seguir\u00e1n haciendo durante dos temporadas m\u00e1s.<\/p>\n<p>Tanto Autocars Nadal\/Grup Juli\u00e0 como el MoraBanc Andorra se han congratulado de este acuerdo de renovaci\u00f3n, y as\u00ed lo mostraron durante el acto de firma producido en las nuevas oficinas del club entre el presidente del BC MoraBanc Andorra, Gorka Aix\u00e0s, y el director de General de Autocars Nadal\/Grup Juli\u00e0, Bartumeu Gabriel.<\/p>\n<p>Entre los puntos m\u00e1s destacados de este acuerdo, es la personalizaci\u00f3n del Autocar del primer equipo con la nueva imagen del BC MoraBanc Andorra. Un acuerdo que tambi\u00e9n se hace extensible a la base del club en el gran n\u00famero de desplazamientos que hacen en las diversas competiciones.<\/p>\n","protected":false},"excerpt":{"rendered":"<p>El BC MoraBanc Andorra y Autocares Nadal\/Grupo Juli\u00e0 renuevan el acuerdo de patrocinio por dos temporadas. La empresa de autobuses pues, seguir\u00e1 siendo el Transporte Oficial del Club y acompa\u00f1ar\u00e1 al equipo en todos sus desplazamientos de la Liga Endesa y EuroCup. Las dos marcas llevan a\u00f1os colaborando para hacer realidad los objetivos temporada tras [&hellip;]<\/p>\n","protected":false},"author":102,"featured_media":19994,"comment_status":"closed","ping_status":"closed","sticky":false,"template":"","format":"standard","meta":{"om_disable_all_campaigns":false,"inline_featured_image":false,"_monsterinsights_skip_tracking":false,"_monsterinsights_sitenote_active":false,"_monsterinsights_sitenote_note":"","_monsterinsights_sitenote_category":0,"_uf_show_specific_survey":0,"_uf_disable_surveys":false,"footnotes":""},"categories":[150,882,109,157],"tags":[908],"class_list":["post-19996","post","type-post","status-publish","format-standard","has-post-thumbnail","hentry","category-basquet-club-andorra-es","category-eurocup-es","category-morabanc-andorra-es","category-patrocinadores","tag-autocars-nadal-es"],"aioseo_notices":[],"_links":{"self":[{"href":"https:\/\/www.bca.ad\/es\/wp-json\/wp\/v2\/posts\/19996","targetHints":{"allow":["GET"]}}],"collection":[{"href":"https:\/\/www.bca.ad\/es\/wp-json\/wp\/v2\/posts"}],"about":[{"href":"https:\/\/www.bca.ad\/es\/wp-json\/wp\/v2\/types\/post"}],"author":[{"embeddable":true,"href":"https:\/\/www.bca.ad\/es\/wp-json\/wp\/v2\/users\/102"}],"replies":[{"embeddable":true,"href":"https:\/\/www.bca.ad\/es\/wp-json\/wp\/v2\/comments?post=19996"}],"version-history":[{"count":0,"href":"https:\/\/www.bca.ad\/es\/wp-json\/wp\/v2\/posts\/19996\/revisions"}],"wp:featuredmedia":[{"embeddable":true,"href":"https:\/\/www.bca.ad\/es\/wp-json\/wp\/v2\/media\/19994"}],"wp:attachment":[{"href":"https:\/\/www.bca.ad\/es\/wp-json\/wp\/v2\/media?parent=19996"}],"wp:term":[{"taxonomy":"category","embeddable":true,"href":"https:\/\/www.bca.ad\/es\/wp-json\/wp\/v2\/categories?post=19996"},{"taxonomy":"post_tag","embeddable":true,"href":"https:\/\/www.bca.ad\/es\/wp-json\/wp\/v2\/tags?post=19996"}],"curies":[{"name":"wp","href":"https:\/\/api.w.org\/{rel}","templated":true}]}}