{"id":20148,"date":"2018-10-08T15:44:23","date_gmt":"2018-10-08T15:44:23","guid":{"rendered":"https:\/\/www.bca.ad\/no-le-des-la-espalda-a-la-enfermedad-mental\/"},"modified":"2018-10-08T15:44:23","modified_gmt":"2018-10-08T15:44:23","slug":"no-le-des-la-espalda-a-la-enfermedad-mental","status":"publish","type":"post","link":"https:\/\/www.bca.ad\/es\/no-le-des-la-espalda-a-la-enfermedad-mental\/","title":{"rendered":"No le des la espalda a la enfermedad mental"},"content":{"rendered":"<p><span style=\"color: #000000; font-family: Calibri;\"><strong>Para conmemorar el D\u00eda mundial de la salud mental, que se celebra este mi\u00e9rcoles 10 de octubre, el Ministerio de Asuntos Sociales, Justicia e Interior, el BC Morabanc Andorra, la Asociaci\u00f3n de familiares para la salud mental en Andorra ( AFMMA) y el Servicio de Salud Mental del Servicio Andorrano de Atenci\u00f3n Sanitaria han organizado una acci\u00f3n de sensibilizaci\u00f3n aprovechando el partido de baloncesto de la EuroCup<\/strong> que se jugar\u00e1 ese d\u00eda a las 20 horas, en el pabell\u00f3n del Gobierno.<\/span><\/p>\n<p><span style=\"color: #000000; font-family: Calibri;\"><strong>La finalidad de esta campa\u00f1a es contribuir a la rotura social del estigma negativo que, tradicionalmente, asocia enfermedad mental con conceptos como incapacidad, irresponsabilidad y agresividad. Tal y como se\u00f1alan desde el ejecutivo, se trata de enfermedades que pasan desapercibidas<\/strong> para la mayor\u00eda de la poblaci\u00f3n, lo que en ocasiones conlleva que se produzcan situaciones de exclusi\u00f3n y aislamiento de las personas que las padecen. Esto agrava, a\u00f1aden, la vivencia personal de la propia enfermedad y disminuye su calidad de vida.<\/span><\/p>\n<p><span style=\"color: #000000; font-family: Calibri;\"><strong>Con el fin de dar visibilidad a la problem\u00e1tica de la salud mental desde una vertiente l\u00fadica, el partido de baloncesto ofrecer\u00e1 la oportunidad de divulgar esta campa\u00f1a de sensibilizaci\u00f3n a un amplio sector de la sociedad andorrana.<\/strong> El p\u00fablico asistente al partido, que enfrentar\u00e1 al BC MoraBanc Andorra al Germanio Brescia Leonessa, se encontrar\u00e1 en su asiento un pasamanos informativo relativo a la salud mental. Tambi\u00e9n podr\u00e1n ver, en la media parte, la proyecci\u00f3n de un v\u00eddeo en el que los jugadores dir\u00e1n las frases del pasamanos en diferentes idiomas. Tambi\u00e9n se har\u00e1 la lectura de un manifiesto por parte de un representante del AFMMA.<\/span><\/p>\n<p>&nbsp;<\/p>\n","protected":false},"excerpt":{"rendered":"<p>Para conmemorar el D\u00eda mundial de la salud mental, que se celebra este mi\u00e9rcoles 10 de octubre, el Ministerio de Asuntos Sociales, Justicia e Interior, el BC Morabanc Andorra, la Asociaci\u00f3n de familiares para la salud mental en Andorra ( AFMMA) y el Servicio de Salud Mental del Servicio Andorrano de Atenci\u00f3n Sanitaria han organizado [&hellip;]<\/p>\n","protected":false},"author":102,"featured_media":20146,"comment_status":"closed","ping_status":"closed","sticky":false,"template":"","format":"standard","meta":{"om_disable_all_campaigns":false,"inline_featured_image":false,"_monsterinsights_skip_tracking":false,"_monsterinsights_sitenote_active":false,"_monsterinsights_sitenote_note":"","_monsterinsights_sitenote_category":0,"_uf_show_specific_survey":0,"_uf_disable_surveys":false,"footnotes":""},"categories":[150,109],"tags":[913,914,800,912],"class_list":["post-20148","post","type-post","status-publish","format-standard","has-post-thumbnail","hentry","category-basquet-club-andorra-es","category-morabanc-andorra-es","tag-afmma-es","tag-govern-es-2","tag-govern-es","tag-saas-es"],"aioseo_notices":[],"_links":{"self":[{"href":"https:\/\/www.bca.ad\/es\/wp-json\/wp\/v2\/posts\/20148","targetHints":{"allow":["GET"]}}],"collection":[{"href":"https:\/\/www.bca.ad\/es\/wp-json\/wp\/v2\/posts"}],"about":[{"href":"https:\/\/www.bca.ad\/es\/wp-json\/wp\/v2\/types\/post"}],"author":[{"embeddable":true,"href":"https:\/\/www.bca.ad\/es\/wp-json\/wp\/v2\/users\/102"}],"replies":[{"embeddable":true,"href":"https:\/\/www.bca.ad\/es\/wp-json\/wp\/v2\/comments?post=20148"}],"version-history":[{"count":0,"href":"https:\/\/www.bca.ad\/es\/wp-json\/wp\/v2\/posts\/20148\/revisions"}],"wp:featuredmedia":[{"embeddable":true,"href":"https:\/\/www.bca.ad\/es\/wp-json\/wp\/v2\/media\/20146"}],"wp:attachment":[{"href":"https:\/\/www.bca.ad\/es\/wp-json\/wp\/v2\/media?parent=20148"}],"wp:term":[{"taxonomy":"category","embeddable":true,"href":"https:\/\/www.bca.ad\/es\/wp-json\/wp\/v2\/categories?post=20148"},{"taxonomy":"post_tag","embeddable":true,"href":"https:\/\/www.bca.ad\/es\/wp-json\/wp\/v2\/tags?post=20148"}],"curies":[{"name":"wp","href":"https:\/\/api.w.org\/{rel}","templated":true}]}}