{"id":2213,"date":"2014-06-29T15:35:05","date_gmt":"2014-06-29T15:35:05","guid":{"rendered":"http:\/\/www.bca.ad\/el-basquet-club-andorra-protagonista-a-la-nit-del-basquet-catala-2\/"},"modified":"2014-06-29T15:39:50","modified_gmt":"2014-06-29T15:39:50","slug":"el-basquet-club-andorra-protagonista-a-la-nit-del-basquet-catala","status":"publish","type":"post","link":"https:\/\/www.bca.ad\/es\/el-basquet-club-andorra-protagonista-a-la-nit-del-basquet-catala\/","title":{"rendered":"El B\u00e1squet Club Andorra protagonista a la \u201cNit del B\u00e0squet Catal\u00e0\u201d"},"content":{"rendered":"<p>\u00daltimo acto de la temporada 2013 &#8211; 2014 dentro de la Federaci\u00f3 Catalana de Basquetbol. Se trata de la Nit del B\u00e0squet Catal\u00e0 2014. Un evento donde se han entregado las tradicionales distinciones, galardones, medallas y reconocimientos a entidades y personas diversas del Baloncesto Catal\u00e1n correspondientes a la presente temporada.<\/p>\n<p>Una noche donde el BC Andorra ha sido protagonista en diversidad de estos reconocimientos a una gran temporada. Como no pod\u00eda ser de otra manera, la entidad presidida por Gorka Aix\u00e0s, ha recibido las distinciones por una temporada hist\u00f3rica para el club. Distinciones que ha recogido el director general del Club, Francesc Solana.<\/p>\n<p>En primer lugar, la FCQB, ha entregado a la&#8221;Nit del B\u00e0squet&#8221; el diploma al River Andorra MoraBanc de Adecco Oro por haber conseguido el ascenso a la liga ACB. Un reconocimiento para el equipo dirigido por Joan Pe\u00f1arroya que ha llegado acompa\u00f1ado del de campe\u00f3n de la Adecco Oro.<\/p>\n<p>Precisamente el t\u00e9cnico de nuestro primer equipo ha recibido el trofeo ACEB &#8211; Memorial Albert Gasulla i Angla en ser el mejor entrenador de equipos en competici\u00f3n de \u00e1mbito estatal.<\/p>\n<p>Adem\u00e1s, el primer equipo no ha sido el \u00fanico premiado en la Nit del B\u00e0squet Catal\u00e0. El s\u00e9nior B de David Eudal tambi\u00e9n ha recibido sus diplomas. El primero como campe\u00f3n de Copa Catalunya logrado hace unas semanas y el segundo, por el ascenso a EBA que ha supuesto llegar a la final de su competici\u00f3n.<\/p>\n<p>Podeis ver todos los premiados en la Nit del B\u00e0squet Catal\u00e0 aqu\u00ed:<\/p>\n<p>http:\/\/www.basquetcatala.cat\/noticies\/4349<\/p>\n<p>Text: Comunicaci\u00f3 BCA<\/p>\n<p>Foto: Ricard Rovira (FCBQ)<\/p>\n","protected":false},"excerpt":{"rendered":"<p>\u00daltimo acto de la temporada 2013 &#8211; 2014 dentro de la Federaci\u00f3 Catalana de Basquetbol. Se trata de la Nit del B\u00e0squet Catal\u00e0 2014. Un evento donde se han entregado las tradicionales distinciones, galardones, medallas y reconocimientos a entidades y personas diversas del Baloncesto Catal\u00e1n correspondientes a la presente temporada. Una noche donde el BC [&hellip;]<\/p>\n","protected":false},"author":102,"featured_media":0,"comment_status":"open","ping_status":"open","sticky":false,"template":"","format":"standard","meta":{"om_disable_all_campaigns":false,"inline_featured_image":false,"_monsterinsights_skip_tracking":false,"_monsterinsights_sitenote_active":false,"_monsterinsights_sitenote_note":"","_monsterinsights_sitenote_category":0,"_uf_show_specific_survey":0,"_uf_disable_surveys":false,"footnotes":""},"categories":[150],"tags":[152,151,238,239,177,240,237],"class_list":["post-2213","post","type-post","status-publish","format-standard","hentry","category-basquet-club-andorra-es","tag-acb-es","tag-adecco-or-es","tag-federacio-catalana-de-basquet-es","tag-francesc-solana-ca-es","tag-joan-penarroya-es","tag-morabanc-andorra-ca-ca-es","tag-nit-basuqet-catala-es"],"aioseo_notices":[],"_links":{"self":[{"href":"https:\/\/www.bca.ad\/es\/wp-json\/wp\/v2\/posts\/2213","targetHints":{"allow":["GET"]}}],"collection":[{"href":"https:\/\/www.bca.ad\/es\/wp-json\/wp\/v2\/posts"}],"about":[{"href":"https:\/\/www.bca.ad\/es\/wp-json\/wp\/v2\/types\/post"}],"author":[{"embeddable":true,"href":"https:\/\/www.bca.ad\/es\/wp-json\/wp\/v2\/users\/102"}],"replies":[{"embeddable":true,"href":"https:\/\/www.bca.ad\/es\/wp-json\/wp\/v2\/comments?post=2213"}],"version-history":[{"count":0,"href":"https:\/\/www.bca.ad\/es\/wp-json\/wp\/v2\/posts\/2213\/revisions"}],"wp:attachment":[{"href":"https:\/\/www.bca.ad\/es\/wp-json\/wp\/v2\/media?parent=2213"}],"wp:term":[{"taxonomy":"category","embeddable":true,"href":"https:\/\/www.bca.ad\/es\/wp-json\/wp\/v2\/categories?post=2213"},{"taxonomy":"post_tag","embeddable":true,"href":"https:\/\/www.bca.ad\/es\/wp-json\/wp\/v2\/tags?post=2213"}],"curies":[{"name":"wp","href":"https:\/\/api.w.org\/{rel}","templated":true}]}}