{"id":22297,"date":"2019-06-12T16:57:12","date_gmt":"2019-06-12T16:57:12","guid":{"rendered":"https:\/\/www.bca.ad\/pyrenees-renueva-el-patrocinio-por-dos-anos\/"},"modified":"2019-06-12T16:57:12","modified_gmt":"2019-06-12T16:57:12","slug":"pyrenees-renueva-el-patrocinio-por-dos-anos","status":"publish","type":"post","link":"https:\/\/www.bca.ad\/es\/pyrenees-renueva-el-patrocinio-por-dos-anos\/","title":{"rendered":"Pyr\u00e9n\u00e9es renueva el patrocinio por dos a\u00f1os"},"content":{"rendered":"<p><strong>El Bc MoraBanc Andorra y Pirineos han firmado hoy la renovaci\u00f3n por dos a\u00f1os m\u00e1s del acuerdo de patrocinio que une a las dos entidades.<\/strong> El acto ha tenido lugar en las oficinas del grupo Pyr\u00e9n\u00e9es y la r\u00fabrica del acuerdo ha correspondido a Patrick P\u00e9rez, el presidente del Grupo Pyr\u00e9n\u00e9es y al presidente del Bc MoraBanc Andorra, Gorka Aix\u00e0s.<br \/>\n&#8220;<strong>Es uno de esos acuerdos que nos dan consistencia con uno de nuestros patrocinadores oficiales, uno de los pilares importantes sobre los que hemos ido construyendo el proyecto los \u00faltimos a\u00f1os en la \u00e9lite&#8221; expuso el presidente Gorka Aix\u00e0s,<\/strong> que ha a\u00f1adido que &#8221; un grupo como Pyr\u00e9n\u00e9es nos de su confianza significa que vamos en la buena direcci\u00f3n &#8220;. <strong>Patrick P\u00e9rez ha manifestado que &#8220;el baloncesto es un proyecto de pa\u00eds en el que creemos y por<\/strong> eso renovamos por dos a\u00f1os el patrocinio&#8221;.<br \/>\n<strong>El grupo Pyr\u00e9n\u00e9es, con los dos a\u00f1os del nuevo contrato, llegar\u00e1 a los 7 como patrocinador oficial del club con presencia en las equipaciones, en la pista y tambi\u00e9n en la animaci\u00f3n de cada partido con promociones y concursos.<\/strong><\/p>\n","protected":false},"excerpt":{"rendered":"<p>El Bc MoraBanc Andorra y Pirineos han firmado hoy la renovaci\u00f3n por dos a\u00f1os m\u00e1s del acuerdo de patrocinio que une a las dos entidades. El acto ha tenido lugar en las oficinas del grupo Pyr\u00e9n\u00e9es y la r\u00fabrica del acuerdo ha correspondido a Patrick P\u00e9rez, el presidente del Grupo Pyr\u00e9n\u00e9es y al presidente del [&hellip;]<\/p>\n","protected":false},"author":102,"featured_media":22295,"comment_status":"closed","ping_status":"closed","sticky":false,"template":"","format":"standard","meta":{"om_disable_all_campaigns":false,"inline_featured_image":false,"_monsterinsights_skip_tracking":false,"_monsterinsights_sitenote_active":false,"_monsterinsights_sitenote_note":"","_monsterinsights_sitenote_category":0,"_uf_show_specific_survey":0,"_uf_disable_surveys":false,"footnotes":""},"categories":[150,109],"tags":[],"class_list":["post-22297","post","type-post","status-publish","format-standard","has-post-thumbnail","hentry","category-basquet-club-andorra-es","category-morabanc-andorra-es"],"aioseo_notices":[],"_links":{"self":[{"href":"https:\/\/www.bca.ad\/es\/wp-json\/wp\/v2\/posts\/22297","targetHints":{"allow":["GET"]}}],"collection":[{"href":"https:\/\/www.bca.ad\/es\/wp-json\/wp\/v2\/posts"}],"about":[{"href":"https:\/\/www.bca.ad\/es\/wp-json\/wp\/v2\/types\/post"}],"author":[{"embeddable":true,"href":"https:\/\/www.bca.ad\/es\/wp-json\/wp\/v2\/users\/102"}],"replies":[{"embeddable":true,"href":"https:\/\/www.bca.ad\/es\/wp-json\/wp\/v2\/comments?post=22297"}],"version-history":[{"count":0,"href":"https:\/\/www.bca.ad\/es\/wp-json\/wp\/v2\/posts\/22297\/revisions"}],"wp:featuredmedia":[{"embeddable":true,"href":"https:\/\/www.bca.ad\/es\/wp-json\/wp\/v2\/media\/22295"}],"wp:attachment":[{"href":"https:\/\/www.bca.ad\/es\/wp-json\/wp\/v2\/media?parent=22297"}],"wp:term":[{"taxonomy":"category","embeddable":true,"href":"https:\/\/www.bca.ad\/es\/wp-json\/wp\/v2\/categories?post=22297"},{"taxonomy":"post_tag","embeddable":true,"href":"https:\/\/www.bca.ad\/es\/wp-json\/wp\/v2\/tags?post=22297"}],"curies":[{"name":"wp","href":"https:\/\/api.w.org\/{rel}","templated":true}]}}