{"id":23010,"date":"2019-09-27T11:24:07","date_gmt":"2019-09-27T11:24:07","guid":{"rendered":"https:\/\/www.bca.ad\/previa-fuenla-ganas-de-bombonera\/"},"modified":"2019-09-27T16:10:08","modified_gmt":"2019-09-27T16:10:08","slug":"previa-fuenla-ganas-de-bombonera","status":"publish","type":"post","link":"https:\/\/www.bca.ad\/es\/previa-fuenla-ganas-de-bombonera\/","title":{"rendered":"PREVIA FUENLA Ganas de Bombonera"},"content":{"rendered":"\n<p><strong>130 d\u00edas despu\u00e9s &#8230; Vuelve la Bombonera. Y lo hace plet\u00f3rica de ganas de ver al equipo en competici\u00f3n oficial. Los veranos se hacen muy largos y el reencuentro de los aficionados con el equipo en casa se producir\u00e1 cuando ya queda muy lejos el 20 de mayo, el d\u00eda en que se jug\u00f3 el \u00faltimo partido en casa de la temporada pasada contra Breog\u00e1n. La pretemporada ha ido bien y ha generado la dosis de ilusi\u00f3n apropiada para arrancar con mucha ilusi\u00f3n. Pero no se puede negar que el partido de la segunda jornada de la Liga Endesa de ma\u00f1ana a las 18h contra Montakit Fuenlabrada llega cuando no habr\u00e1n pasado ni 48 horas del debut en la pista del Valencia Basket anoche.<\/strong> Y el debut no fue como se hab\u00eda so\u00f1ado. De hecho, por momentos, fue una pesadilla por el dominio abrumador de los taronja. Un partido como el de ayer, en el que la realidad est\u00e1 tan lejos de lo que se ha preparado, puede tener efectos positivos si el equipo encuentra la tecla para usar esta rabia en favor propio. Y \u00e9sta es el trabajo que tiene por delante en las pr\u00f3ximas horas Ibon Navarro y su cuerpo t\u00e9cnico, conseguir que la derrota de ayer no deje secuelas y s\u00ed, en cambio, energ\u00eda para reaccionar. Lo que no se puede negar es que, tal y como est\u00e1 hecho el calendario, el partido de ma\u00f1ana aunque sea muy temprano tiene peso. Fuenlabrada llega al encuentro despu\u00e9s de haber perdido en casa con el Burgos en el primer partido y de haber sucumbido con mucha claridad con el Madrid en las semifinales de la Supercopa.<\/p>\n\n<p><strong>&#8220;Espero que lo que ha pasado hoy sirva para tener un esp\u00edritu diferente ma\u00f1ana&#8221; manifestaba Ibon Navarro ayer despu\u00e9s del encuentro. Moussa dec\u00eda que &#8220;todo pasa por trabajar y reaccionar ma\u00f1ana&#8221;<\/strong> y Jel\u00ednek iba en una l\u00ednea similar &#8220;este partido ya lo hemos jugado y tenemos la suerte de tener otro pronto para hacer mejor las cosas&#8221;.<\/p>\n\n<p><strong>&#8220;Nuestro objetivo es mejorar mucho lo que hicimos ayer tanto en ataque como en defensa&#8221; afirm\u00f3 el entrenador ayudante David Eudal en rueda de prensa previa, que ha querido remarcar que &#8220;nuestra idea es ser un equipo que defienda fuerte y que mantenga un tono f\u00edsico alto en pista para que el rival no se sienta a gusto y ayer eso no se vio en la pista &#8220;. <\/strong>Eudal ha subrayado que &#8220;esta es la identidad del equipo y queremos que se vea siempre y que empiece desde ma\u00f1ana y para ello tendremos que corregir los errores que cometimos ayer&#8221;. <strong>Eudal ha manifestado tambi\u00e9n que &#8220;el factor Bombonera nos ha hecho ganar muchos partidos y queremos contar con \u00e9l esta temporada&#8221;.<\/strong><\/p>\n\n<p>&#8220;No estamos nada satisfechos del partido que hicimos ayer pero la suerte que tenemos es que en 24 horas jugamos y podemos intentar hacer el baloncesto que sabemos hacer&#8221; ha expuesto <strong>Nacho Llovet, que ha a\u00f1adido que &#8220;tenemos mucha gente nueva en la liga y quiz\u00e1s la pretemporada ha ido demasiado bien y aunque parec\u00eda que todo era demasiado f\u00e1cil y ayer nos encontramos con un equipo de Euroliga que si t\u00fa no est\u00e1s bien te pasan por encima&#8221;<\/strong><\/p>\n\n<p>Si no aparece ning\u00fan inconveniente en las pr\u00f3xima horas, Ibon Navarro podr\u00e1 contar con todos sus jugadores para el partido de ma\u00f1ana.<\/p>\n","protected":false},"excerpt":{"rendered":"<p>130 d\u00edas despu\u00e9s &#8230; Vuelve la Bombonera. Y lo hace plet\u00f3rica de ganas de ver al equipo en competici\u00f3n oficial. Los veranos se hacen muy largos y el reencuentro de los aficionados con el equipo en casa se producir\u00e1 cuando ya queda muy lejos el 20 de mayo, el d\u00eda en que se jug\u00f3 el [&hellip;]<\/p>\n","protected":false},"author":102,"featured_media":23298,"comment_status":"closed","ping_status":"closed","sticky":false,"template":"","format":"standard","meta":{"om_disable_all_campaigns":false,"inline_featured_image":false,"_monsterinsights_skip_tracking":false,"_monsterinsights_sitenote_active":false,"_monsterinsights_sitenote_note":"","_monsterinsights_sitenote_category":0,"_uf_show_specific_survey":0,"_uf_disable_surveys":false,"footnotes":""},"categories":[944,150,109],"tags":[],"class_list":["post-23010","post","type-post","status-publish","format-standard","has-post-thumbnail","hentry","category-acb-es","category-basquet-club-andorra-es","category-morabanc-andorra-es"],"aioseo_notices":[],"_links":{"self":[{"href":"https:\/\/www.bca.ad\/es\/wp-json\/wp\/v2\/posts\/23010","targetHints":{"allow":["GET"]}}],"collection":[{"href":"https:\/\/www.bca.ad\/es\/wp-json\/wp\/v2\/posts"}],"about":[{"href":"https:\/\/www.bca.ad\/es\/wp-json\/wp\/v2\/types\/post"}],"author":[{"embeddable":true,"href":"https:\/\/www.bca.ad\/es\/wp-json\/wp\/v2\/users\/102"}],"replies":[{"embeddable":true,"href":"https:\/\/www.bca.ad\/es\/wp-json\/wp\/v2\/comments?post=23010"}],"version-history":[{"count":0,"href":"https:\/\/www.bca.ad\/es\/wp-json\/wp\/v2\/posts\/23010\/revisions"}],"wp:featuredmedia":[{"embeddable":true,"href":"https:\/\/www.bca.ad\/es\/wp-json\/wp\/v2\/media\/23298"}],"wp:attachment":[{"href":"https:\/\/www.bca.ad\/es\/wp-json\/wp\/v2\/media?parent=23010"}],"wp:term":[{"taxonomy":"category","embeddable":true,"href":"https:\/\/www.bca.ad\/es\/wp-json\/wp\/v2\/categories?post=23010"},{"taxonomy":"post_tag","embeddable":true,"href":"https:\/\/www.bca.ad\/es\/wp-json\/wp\/v2\/tags?post=23010"}],"curies":[{"name":"wp","href":"https:\/\/api.w.org\/{rel}","templated":true}]}}