{"id":2449,"date":"2014-08-13T09:27:06","date_gmt":"2014-08-13T09:27:06","guid":{"rendered":"http:\/\/www.bca.ad\/victor-sada-sera-jugador-del-morabanc-andorra-les-dues-proximes-temporades-2\/"},"modified":"2014-08-13T09:41:47","modified_gmt":"2014-08-13T09:41:47","slug":"victor-sada-sera-jugador-del-morabanc-andorra-les-dues-proximes-temporades","status":"publish","type":"post","link":"https:\/\/www.bca.ad\/es\/victor-sada-sera-jugador-del-morabanc-andorra-les-dues-proximes-temporades\/","title":{"rendered":"V\u00edctor Sada ser\u00e1 jugador del MoraBanc Andorra las dos pr\u00f3ximas temporadas"},"content":{"rendered":"<p>El Bc MoraBanc Andorra ha cerrado la incorporaci\u00f3n de uno de los mejores bases de la liga Endesa, el catal\u00e1n V\u00edctor Sada (30 a\u00f1os, 1.92). El acuerdo que se firmar\u00e1 esta tarde es por dos temporadas.<\/p>\n<p>Despu\u00e9s de desvincularse del Fc Barcelona, Sada ha elegido el proyecto del MoraBanc Andorra para dar un nuevo impulso a una carrera profesional que revela uno de los palmares m\u00e1s espectaculares que se pueden encontrar a d\u00eda de hoy en Europa. El director de juego catal\u00e1n ha ganado una Euroliga (jugando un papel determinante en la final 2010), 5 ligas ACB, 3 copas del Rey, 4 Supercopas de Espa\u00f1a y una Eurocup Fiba con el Girona. Con la selecci\u00f3n espa\u00f1ola ha sido subcampe\u00f3n ol\u00edmpico y campe\u00f3n de Europa. <\/p>\n<p>Sada se form\u00f3 en las categor\u00edas inferiores del Bar\u00e7a, debutante en la Liga ACB con el primer equipo el 16 de octubre de 2003. En los a\u00f1os 2004 y 2005 altern\u00f3 sus actuaciones en el primer equipo con el equipo filial. En la temporada 2005-2006 asciende definitivamente al primer equipo azulgrana de la mano de Dusko Ivanovic.  Pero su explosi\u00f3n como jugador importante en la ACB llega a Girona, la temporada 2006-2007 el base catal\u00e1n dej\u00f3 el FC Barcelona y fich\u00f3 por el Akasvayu Girona que entrenaba entonces un viejo conocido suyo, Svetislav Pesic, que le hab\u00eda tenido en el Bar\u00e7a. En el equipo gerundense estuvo dos temporadas acreditando unos n\u00fameros que le abrieron de par en par las puertas del Bar\u00e7a otra vez. Las \u00faltimas 6 temporadas las ha vivido en azulgrana. Hoy se convertir\u00e1 en nuevo jugador del Bc MoraBanc Andorra.<\/p>\n","protected":false},"excerpt":{"rendered":"<p>El Bc MoraBanc Andorra ha cerrado la incorporaci\u00f3n de uno de los mejores bases de la liga Endesa, el catal\u00e1n V\u00edctor Sada (30 a\u00f1os, 1.92). El acuerdo que se firmar\u00e1 esta tarde es por dos temporadas. Despu\u00e9s de desvincularse del Fc Barcelona, Sada ha elegido el proyecto del MoraBanc Andorra para dar un nuevo impulso [&hellip;]<\/p>\n","protected":false},"author":102,"featured_media":0,"comment_status":"closed","ping_status":"open","sticky":false,"template":"","format":"standard","meta":{"om_disable_all_campaigns":false,"inline_featured_image":false,"_monsterinsights_skip_tracking":false,"_monsterinsights_sitenote_active":false,"_monsterinsights_sitenote_note":"","_monsterinsights_sitenote_category":0,"_uf_show_specific_survey":0,"_uf_disable_surveys":false,"footnotes":""},"categories":[98],"tags":[],"class_list":["post-2449","post","type-post","status-publish","format-standard","hentry","category-noticia-es"],"aioseo_notices":[],"_links":{"self":[{"href":"https:\/\/www.bca.ad\/es\/wp-json\/wp\/v2\/posts\/2449","targetHints":{"allow":["GET"]}}],"collection":[{"href":"https:\/\/www.bca.ad\/es\/wp-json\/wp\/v2\/posts"}],"about":[{"href":"https:\/\/www.bca.ad\/es\/wp-json\/wp\/v2\/types\/post"}],"author":[{"embeddable":true,"href":"https:\/\/www.bca.ad\/es\/wp-json\/wp\/v2\/users\/102"}],"replies":[{"embeddable":true,"href":"https:\/\/www.bca.ad\/es\/wp-json\/wp\/v2\/comments?post=2449"}],"version-history":[{"count":0,"href":"https:\/\/www.bca.ad\/es\/wp-json\/wp\/v2\/posts\/2449\/revisions"}],"wp:attachment":[{"href":"https:\/\/www.bca.ad\/es\/wp-json\/wp\/v2\/media?parent=2449"}],"wp:term":[{"taxonomy":"category","embeddable":true,"href":"https:\/\/www.bca.ad\/es\/wp-json\/wp\/v2\/categories?post=2449"},{"taxonomy":"post_tag","embeddable":true,"href":"https:\/\/www.bca.ad\/es\/wp-json\/wp\/v2\/tags?post=2449"}],"curies":[{"name":"wp","href":"https:\/\/api.w.org\/{rel}","templated":true}]}}