{"id":2460,"date":"2014-08-13T17:23:37","date_gmt":"2014-08-13T17:23:37","guid":{"rendered":"http:\/\/www.bca.ad\/sada-ha-estat-una-questio-de-confianca-2\/"},"modified":"2014-08-13T17:27:37","modified_gmt":"2014-08-13T17:27:37","slug":"sada-ha-estat-una-questio-de-confianca","status":"publish","type":"post","link":"https:\/\/www.bca.ad\/es\/sada-ha-estat-una-questio-de-confianca\/","title":{"rendered":"Sada : &#8220;Ha sido una cuesti\u00f3n de confianza&#8221;"},"content":{"rendered":"<p>&#8220;Ha sido una cuesti\u00f3n de confianza&#8221;, este ha sido el hilo conductor de la rueda de prensa de presentaci\u00f3n de V\u00edctor Sada como nuevo jugador del Bc MoraBanc Andorra.<br \/>\nDespu\u00e9s de firmar el contrato ante los medios y de una sesi\u00f3n de fotos en la avenida Meritxell que ha suscitado la atenci\u00f3n de un buen n\u00famero de curiosos, Sada ha explicado los motivos por los que ha aceptado convertirse en el base referente del equipo andorrano: &#8220;Desde el primer momento me gust\u00f3 la confianza que pusieron en m\u00ed, s\u00e9 que vengo a un club que acaba de ascender pero tenemos muchas ganas y mucha ambici\u00f3n&#8221;. El director de juego badalon\u00e9s ha asegurado que tiene &#8220;muchas ganas&#8221; de empezar y que &#8220;desde el primer momento ya me he sentido como en casa&#8221;. Por otra parte, el nuevo jugador del MoraBanc Andorra ha aceptado que las \u00faltimas temporadas en el Bar\u00e7a no ha tenido el protagonismo que tendr\u00e1 en el equipo de Joan Pe\u00f1arroya &#8220;me gustar\u00e1 tener otro rol y poder mostrar todo el baloncesto que llevo dentro &#8220;.<br \/>\nEl presidente del MoraBanc Andorra, Gorka Aix\u00e0s, manifest\u00f3 que &#8220;este es un fichaje que ofrece credibilidad a nuestro proyecto&#8221; y el director general Francisco Solana ha remarcado que &#8220;desde el primer momento este es el jugador que quer\u00edamos para la posici\u00f3n de base y estamos muy contentos &#8220;.<br \/>\nV\u00edctor Sada ha firnado como jugador del MoraBanc Andorra para los dos pr\u00f3ximas temporadas.<\/p>\n","protected":false},"excerpt":{"rendered":"<p>&#8220;Ha sido una cuesti\u00f3n de confianza&#8221;, este ha sido el hilo conductor de la rueda de prensa de presentaci\u00f3n de V\u00edctor Sada como nuevo jugador del Bc MoraBanc Andorra. Despu\u00e9s de firmar el contrato ante los medios y de una sesi\u00f3n de fotos en la avenida Meritxell que ha suscitado la atenci\u00f3n de un buen [&hellip;]<\/p>\n","protected":false},"author":102,"featured_media":0,"comment_status":"closed","ping_status":"open","sticky":false,"template":"","format":"standard","meta":{"om_disable_all_campaigns":false,"inline_featured_image":false,"_monsterinsights_skip_tracking":false,"_monsterinsights_sitenote_active":false,"_monsterinsights_sitenote_note":"","_monsterinsights_sitenote_category":0,"_uf_show_specific_survey":0,"_uf_disable_surveys":false,"footnotes":""},"categories":[150,109],"tags":[325,327,326,328],"class_list":["post-2460","post","type-post","status-publish","format-standard","hentry","category-basquet-club-andorra-es","category-morabanc-andorra-es","tag-acbandorra-es","tag-crackmediatic-es","tag-sada-es","tag-sadaandorra-es"],"aioseo_notices":[],"_links":{"self":[{"href":"https:\/\/www.bca.ad\/es\/wp-json\/wp\/v2\/posts\/2460","targetHints":{"allow":["GET"]}}],"collection":[{"href":"https:\/\/www.bca.ad\/es\/wp-json\/wp\/v2\/posts"}],"about":[{"href":"https:\/\/www.bca.ad\/es\/wp-json\/wp\/v2\/types\/post"}],"author":[{"embeddable":true,"href":"https:\/\/www.bca.ad\/es\/wp-json\/wp\/v2\/users\/102"}],"replies":[{"embeddable":true,"href":"https:\/\/www.bca.ad\/es\/wp-json\/wp\/v2\/comments?post=2460"}],"version-history":[{"count":0,"href":"https:\/\/www.bca.ad\/es\/wp-json\/wp\/v2\/posts\/2460\/revisions"}],"wp:attachment":[{"href":"https:\/\/www.bca.ad\/es\/wp-json\/wp\/v2\/media?parent=2460"}],"wp:term":[{"taxonomy":"category","embeddable":true,"href":"https:\/\/www.bca.ad\/es\/wp-json\/wp\/v2\/categories?post=2460"},{"taxonomy":"post_tag","embeddable":true,"href":"https:\/\/www.bca.ad\/es\/wp-json\/wp\/v2\/tags?post=2460"}],"curies":[{"name":"wp","href":"https:\/\/api.w.org\/{rel}","templated":true}]}}