{"id":25895,"date":"2020-07-14T15:58:11","date_gmt":"2020-07-14T15:58:11","guid":{"rendered":"https:\/\/www.bca.ad\/?p=25895"},"modified":"2020-07-14T15:58:13","modified_gmt":"2020-07-14T15:58:13","slug":"hummel-nuevo-patrocinador-tecnico-del-bc-morabanc-andorra","status":"publish","type":"post","link":"https:\/\/www.bca.ad\/es\/hummel-nuevo-patrocinador-tecnico-del-bc-morabanc-andorra\/","title":{"rendered":"hummel, nuevo patrocinador t\u00e9cnico del BC MoraBanc Andorra"},"content":{"rendered":"<p>La marca danesa cambia la piel del BC MoraBanc Andorra para las pr\u00f3ximas cuatro temporadas.<\/p>\n<p>&nbsp;<\/p>\n<p>El nuevo patrocinador t\u00e9cnico ser\u00e1 uno de los protagonistas de la temporada de los 50 a\u00f1os del club. Una ense\u00f1a con tradici\u00f3n e historia desde 1923, presente en el baloncesto en la Liga Endesa as\u00ed como en multitud de deportes en las principales ligas mundiales.<\/p>\n<p>&nbsp;<\/p>\n<p>La apuesta de hummel hacia el BC MoraBanc Andorra ha sido clave, proponiendo un proyecto a largo plazo, potenciando nuestros rasgos diferenciales y con la idea de crecimiento constante. La calidad indiscutible de la marca y su apuesta por el baloncesto en las \u00faltimas temporadas culminan con este nuevo acuerdo.<\/p>\n<p>&nbsp;<\/p>\n<p>El presidente del club, Gorka Aix\u00e0s, afirma que este es un acuerdo de crecimiento: <strong>\u201cEstamos convencidos de que el nuevo acuerdo con hummel nos ayudar\u00e1 a seguir creciendo. Hummel ha demostrado una apuesta clara por nosotros, creyendo en nuestro proyecto y nosotros hemos decidido devolverle esa confianza. Estamos seguros que es un acuerdo que nos abrir\u00e1 nuevas v\u00edas de colaboraci\u00f3n\u201d.<\/strong><\/p>\n<p>Por su parte, el presidente de hummel Ib\u00e9rica, Jose \u201cCoe\u201d Garcia Alcaraz, considera la asociaci\u00f3n con el BC MoraBanc Andorra &#8220;<strong>un paso adelante en la internacionalizaci\u00f3n de la ense\u00f1a hummel y una posibilidad de crecer juntos, compartiendo valores y abriendo nuevas v\u00edas de colaboraci\u00f3n en un futuro pr\u00f3ximo. Adem\u00e1s, nos hace especial ilusi\u00f3n unirnos en un momento tan especial c\u00f3mo es la celebraci\u00f3n del 50\u00ba aniversario&#8221;.<\/strong><\/p>\n<p>&nbsp;<\/p>\n<p>Empieza una nueva aventura en una temporada muy especial para el BC MoraBanc Andorra.<\/p>\n","protected":false},"excerpt":{"rendered":"<p>La marca danesa cambia la piel del BC MoraBanc Andorra para las pr\u00f3ximas cuatro temporadas. &nbsp; El nuevo patrocinador t\u00e9cnico ser\u00e1 uno de los protagonistas de la temporada de los 50 a\u00f1os del club. Una ense\u00f1a con tradici\u00f3n e historia desde 1923, presente en el baloncesto en la Liga Endesa as\u00ed como en multitud de [&hellip;]<\/p>\n","protected":false},"author":102,"featured_media":25894,"comment_status":"closed","ping_status":"closed","sticky":false,"template":"","format":"standard","meta":{"om_disable_all_campaigns":false,"inline_featured_image":false,"_monsterinsights_skip_tracking":false,"_monsterinsights_sitenote_active":false,"_monsterinsights_sitenote_note":"","_monsterinsights_sitenote_category":0,"_uf_show_specific_survey":0,"_uf_disable_surveys":false,"footnotes":""},"categories":[150,109],"tags":[],"class_list":["post-25895","post","type-post","status-publish","format-standard","has-post-thumbnail","hentry","category-basquet-club-andorra-es","category-morabanc-andorra-es"],"aioseo_notices":[],"_links":{"self":[{"href":"https:\/\/www.bca.ad\/es\/wp-json\/wp\/v2\/posts\/25895","targetHints":{"allow":["GET"]}}],"collection":[{"href":"https:\/\/www.bca.ad\/es\/wp-json\/wp\/v2\/posts"}],"about":[{"href":"https:\/\/www.bca.ad\/es\/wp-json\/wp\/v2\/types\/post"}],"author":[{"embeddable":true,"href":"https:\/\/www.bca.ad\/es\/wp-json\/wp\/v2\/users\/102"}],"replies":[{"embeddable":true,"href":"https:\/\/www.bca.ad\/es\/wp-json\/wp\/v2\/comments?post=25895"}],"version-history":[{"count":0,"href":"https:\/\/www.bca.ad\/es\/wp-json\/wp\/v2\/posts\/25895\/revisions"}],"wp:featuredmedia":[{"embeddable":true,"href":"https:\/\/www.bca.ad\/es\/wp-json\/wp\/v2\/media\/25894"}],"wp:attachment":[{"href":"https:\/\/www.bca.ad\/es\/wp-json\/wp\/v2\/media?parent=25895"}],"wp:term":[{"taxonomy":"category","embeddable":true,"href":"https:\/\/www.bca.ad\/es\/wp-json\/wp\/v2\/categories?post=25895"},{"taxonomy":"post_tag","embeddable":true,"href":"https:\/\/www.bca.ad\/es\/wp-json\/wp\/v2\/tags?post=25895"}],"curies":[{"name":"wp","href":"https:\/\/api.w.org\/{rel}","templated":true}]}}