{"id":26954,"date":"2020-12-18T20:04:31","date_gmt":"2020-12-18T20:04:31","guid":{"rendered":"https:\/\/www.bca.ad\/exposicion-50anysjunts-abierta-a-todos\/"},"modified":"2020-12-18T20:04:32","modified_gmt":"2020-12-18T20:04:32","slug":"exposicion-50anysjunts-abierta-a-todos","status":"publish","type":"post","link":"https:\/\/www.bca.ad\/es\/exposicion-50anysjunts-abierta-a-todos\/","title":{"rendered":"Exposici\u00f3n #50AnysJunts abierta a todos"},"content":{"rendered":"\n<p><strong>Hoy ha abierto sus puertas en el edificio CIAM de Escaldes-Engordany (Carlemany 8) la exposici\u00f3n 50 a\u00f1os juntos, 50 a\u00f1os del B\u00e0squet Club Andorra. El Com\u00fa de la parroquia y el MoraBanc Andorra presentan una muestra de algunas de las mejores im\u00e1genes de las \u00faltimas 5 d\u00e9cadas de historia del club<\/strong>. La muestra no s\u00f3lo recoge fotograf\u00edas sino que tambi\u00e9n permitir\u00e1 a los visitantes ver de cerca algunos objetos, prendas o trofeos que tienen relevancia hist\u00f3rica para el club. As\u00ed se podr\u00e1n ver camisetas del Festina Andorra (una de Francesc Solana), trofeos importantes conseguidos por el club, los estatutos fundacionales de la entidad y camisetas de las primeras equipaciones originales de los a\u00f1os 70. Una pelota firmada por todo el Festina Andorra 91\/92 (la que consigue el ascenso a la ACB) tambi\u00e9n forma parte de la exposici\u00f3n.<\/p>\n\n<p><strong>&#8220;A pesar de que los tiempos no ponen las cosas f\u00e1ciles seguimos siendo tercos, siendo fieles a nuestra historia, para poder celebrar nuestro 50 aniversario de la mejor manera que podemos&#8221; ha afirmado el presidente Gorka Aix\u00e0s<\/strong> en la rueda de prensa previa a abrir puertas. El dirigente a\u00f1adi\u00f3 que &#8220;aunque el club es uno y se fund\u00f3 hace 50 a\u00f1os, hay tantos clubes como personas han formado parte. Todas y cada una de ellas con sus historias y recuerdos &#8220;. La ministra Silvia Riva ha hecho una intervenci\u00f3n en rueda de prensa destacando el trabajo realizado durante muchos a\u00f1os por las muchas personas que han estado en el club y ha querido subrayar &#8220;la capacidad del club para ilusionar a la gente&#8221;. La C\u00f3nsul mayor de Escaldes-Engordany, Rosa Gili, se mostr\u00f3 &#8220;muy contenta de poder acoger la exposici\u00f3n en la parroquia donde empez\u00f3 todo para el Bc Andorra&#8221;.<\/p>\n\n<p><strong>La primera visita, realizada por un grupo muy reducido y siguiendo las recomendaciones del Ministerio de Salud, la han presidido la C\u00f3nsul Mayor de Escaldes-engorda, Rosa Gili y la ministra de cultura y deportes, Silvia Riva. La exposici\u00f3n permanecer\u00e1 abierta con acceso gratuito hasta el 27 de febrero<\/strong>. Los horarios de apertura son lunes de 15h a 19h. De martes a viernes de 10 a 13h y de 15 a 19h. S\u00e1bado de 9 a 13h y de 15 a 19h y domingos y lunes ma\u00f1ana cerrado.<\/p>\n","protected":false},"excerpt":{"rendered":"<p>Hoy ha abierto sus puertas en el edificio CIAM de Escaldes-Engordany (Carlemany 8) la exposici\u00f3n 50 a\u00f1os juntos, 50 a\u00f1os del B\u00e0squet Club Andorra. El Com\u00fa de la parroquia y el MoraBanc Andorra presentan una muestra de algunas de las mejores im\u00e1genes de las \u00faltimas 5 d\u00e9cadas de historia del club. La muestra no s\u00f3lo [&hellip;]<\/p>\n","protected":false},"author":102,"featured_media":26953,"comment_status":"closed","ping_status":"closed","sticky":false,"template":"","format":"standard","meta":{"om_disable_all_campaigns":false,"inline_featured_image":false,"_monsterinsights_skip_tracking":false,"_monsterinsights_sitenote_active":false,"_monsterinsights_sitenote_note":"","_monsterinsights_sitenote_category":0,"_uf_show_specific_survey":0,"_uf_disable_surveys":false,"footnotes":""},"categories":[150,109],"tags":[],"class_list":["post-26954","post","type-post","status-publish","format-standard","has-post-thumbnail","hentry","category-basquet-club-andorra-es","category-morabanc-andorra-es"],"aioseo_notices":[],"_links":{"self":[{"href":"https:\/\/www.bca.ad\/es\/wp-json\/wp\/v2\/posts\/26954","targetHints":{"allow":["GET"]}}],"collection":[{"href":"https:\/\/www.bca.ad\/es\/wp-json\/wp\/v2\/posts"}],"about":[{"href":"https:\/\/www.bca.ad\/es\/wp-json\/wp\/v2\/types\/post"}],"author":[{"embeddable":true,"href":"https:\/\/www.bca.ad\/es\/wp-json\/wp\/v2\/users\/102"}],"replies":[{"embeddable":true,"href":"https:\/\/www.bca.ad\/es\/wp-json\/wp\/v2\/comments?post=26954"}],"version-history":[{"count":0,"href":"https:\/\/www.bca.ad\/es\/wp-json\/wp\/v2\/posts\/26954\/revisions"}],"wp:featuredmedia":[{"embeddable":true,"href":"https:\/\/www.bca.ad\/es\/wp-json\/wp\/v2\/media\/26953"}],"wp:attachment":[{"href":"https:\/\/www.bca.ad\/es\/wp-json\/wp\/v2\/media?parent=26954"}],"wp:term":[{"taxonomy":"category","embeddable":true,"href":"https:\/\/www.bca.ad\/es\/wp-json\/wp\/v2\/categories?post=26954"},{"taxonomy":"post_tag","embeddable":true,"href":"https:\/\/www.bca.ad\/es\/wp-json\/wp\/v2\/tags?post=26954"}],"curies":[{"name":"wp","href":"https:\/\/api.w.org\/{rel}","templated":true}]}}