{"id":2723,"date":"2014-09-15T17:48:00","date_gmt":"2014-09-15T17:48:00","guid":{"rendered":"http:\/\/www.bca.ad\/roman-martinez-arriba-al-seu-millor-moment-2\/"},"modified":"2014-09-15T18:20:41","modified_gmt":"2014-09-15T18:20:41","slug":"roman-martinez-arriba-al-seu-millor-moment","status":"publish","type":"post","link":"https:\/\/www.bca.ad\/es\/roman-martinez-arriba-al-seu-millor-moment\/","title":{"rendered":"Rom\u00e1n Mart\u00ednez llega en su mejor momento"},"content":{"rendered":"<p>A Andorra llega un jugador en su mejor momento. Este ser\u00eda el mejor resumen de la rueda de prensa de presentaci\u00f3n del nuevo jugador del BC MoraBanc Andorra, Roman Mart\u00ednez. &#8220;Estoy con mucha confianza, se puede decir que haber jugado el mundial a\u00fan me hace tener m\u00e1s&#8221;. El nuevo alero del equipo de Joan Pe\u00f1arroya acaba de jugar el campeonato del mundo con la selecci\u00f3n de M\u00e9xico, que ha hecho un torneo excelente y que lleva un ciclo fant\u00e1stico bajo la direcci\u00f3n del espa\u00f1ol Sergio Valdeolmillos.<br \/>\n&#8220;Soy un jugador pasional, emotivo, y me gusta que esto se note cuando estoy en la pista&#8221; ha explicado Mart\u00ednez que ha comenzado la rueda de prensa en catal\u00e1n con un rotundo &#8216;Som un pa\u00eds&#8217;.<br \/>\nRoman Mart\u00ednez manifest\u00f3 haber tenido un &#8220;excelente primer contacto con mis compa\u00f1eros y con el entrenador que ha mostrado tener mucha confianza en m\u00ed&#8221;.<br \/>\nEl director general del MoraBanc Andorra, Francesc Solana, ha insistido una vez m\u00e1s en una caracter\u00edstica del juego del internacional mexicano que influy\u00f3 mucho para decidirse a contratarlo &#8220;es un gran jugador sin bal\u00f3n y con los buenos pasadores que tenemos en el equipo podremos aprovechar muy bien sus movimientos &#8220;.<br \/>\nRoman Mart\u00ednez, que al igual que Ivanov es conocido como &#8216;El guerrero&#8217; ha afirmado que &#8220;en Andorra tendr\u00e9 una gran oportunidad de desarrollar todo mi talento, estoy muy contento&#8221;.<\/p>\n","protected":false},"excerpt":{"rendered":"<p>A Andorra llega un jugador en su mejor momento. Este ser\u00eda el mejor resumen de la rueda de prensa de presentaci\u00f3n del nuevo jugador del BC MoraBanc Andorra, Roman Mart\u00ednez. &#8220;Estoy con mucha confianza, se puede decir que haber jugado el mundial a\u00fan me hace tener m\u00e1s&#8221;. El nuevo alero del equipo de Joan Pe\u00f1arroya [&hellip;]<\/p>\n","protected":false},"author":102,"featured_media":0,"comment_status":"open","ping_status":"open","sticky":false,"template":"","format":"standard","meta":{"om_disable_all_campaigns":false,"inline_featured_image":false,"_monsterinsights_skip_tracking":false,"_monsterinsights_sitenote_active":false,"_monsterinsights_sitenote_note":"","_monsterinsights_sitenote_category":0,"_uf_show_specific_survey":0,"_uf_disable_surveys":false,"footnotes":""},"categories":[109,157],"tags":[152,325,239,177,243,240],"class_list":["post-2723","post","type-post","status-publish","format-standard","hentry","category-morabanc-andorra-es","category-patrocinadores","tag-acb-es","tag-acbandorra-es","tag-francesc-solana-ca-es","tag-joan-penarroya-es","tag-liga-endesa-es","tag-morabanc-andorra-ca-ca-es"],"aioseo_notices":[],"_links":{"self":[{"href":"https:\/\/www.bca.ad\/es\/wp-json\/wp\/v2\/posts\/2723","targetHints":{"allow":["GET"]}}],"collection":[{"href":"https:\/\/www.bca.ad\/es\/wp-json\/wp\/v2\/posts"}],"about":[{"href":"https:\/\/www.bca.ad\/es\/wp-json\/wp\/v2\/types\/post"}],"author":[{"embeddable":true,"href":"https:\/\/www.bca.ad\/es\/wp-json\/wp\/v2\/users\/102"}],"replies":[{"embeddable":true,"href":"https:\/\/www.bca.ad\/es\/wp-json\/wp\/v2\/comments?post=2723"}],"version-history":[{"count":0,"href":"https:\/\/www.bca.ad\/es\/wp-json\/wp\/v2\/posts\/2723\/revisions"}],"wp:attachment":[{"href":"https:\/\/www.bca.ad\/es\/wp-json\/wp\/v2\/media?parent=2723"}],"wp:term":[{"taxonomy":"category","embeddable":true,"href":"https:\/\/www.bca.ad\/es\/wp-json\/wp\/v2\/categories?post=2723"},{"taxonomy":"post_tag","embeddable":true,"href":"https:\/\/www.bca.ad\/es\/wp-json\/wp\/v2\/tags?post=2723"}],"curies":[{"name":"wp","href":"https:\/\/api.w.org\/{rel}","templated":true}]}}