{"id":3169,"date":"2014-10-21T17:48:04","date_gmt":"2014-10-21T17:48:04","guid":{"rendered":"http:\/\/www.bca.ad\/estem-molt-tranquils-amb-la-feina-que-fem-2\/"},"modified":"2014-10-21T17:50:33","modified_gmt":"2014-10-21T17:50:33","slug":"estem-molt-tranquils-amb-la-feina-que-fem","status":"publish","type":"post","link":"https:\/\/www.bca.ad\/es\/estem-molt-tranquils-amb-la-feina-que-fem\/","title":{"rendered":"&#8220;Estamos muy tranquilos con el trabajo que hacemos&#8221;"},"content":{"rendered":"<p>Como cada inicio de semana, el t\u00e9cnico, Joan Pe\u00f1arroya, ha analizado la situaci\u00f3n del equipo. Despu\u00e9s de la primera victoria en la Liga Endesa, el equipo respira un estado de \u00e1nimo muy positivo, y m\u00e1s, cuando qued\u00f3 claro que este conjunto da un paso adelante cuando m\u00e1s lo necesita.<\/p>\n<p>Pe\u00f1arroya ha pasado por los micr\u00f3fonos de los medios de comunicaci\u00f3n y ha repasado la actualidad. Lo primero que ha querido hacer es enviar un mensaje de \u00e1nimos y apoyo a la familia del reci\u00e9n desaparecido Jose Luis Abos, ex t\u00e9cnico del CAI Zaragoza:<\/p>\n<p>&#8220;Quiero empezar la rueda de prensa dando todos los \u00e1nimos a la familia de Jose Luis Ab\u00f3s y de paso a toda la familia del baloncesto de Zaragoza&#8221;<\/p>\n<p><strong>Momento de forma<\/strong><\/p>\n<p>&#8220;Nosotros somos conscientes de la liga que jugamos y del equipo que somos. Desde el inicio nos hemos marcado el objetivo de llegar a todas las jornadas poder ganar. Las tres jornadas que llevamos hemos hecho muchas cosas bien durante muchos minutos, sobre todo los dos \u00faltimos, con posibilidades de ganar. Estamos muy tranquilos con el trabajo que hacemos&#8221;.<\/p>\n<p><strong>Regreso a Manresa, ahora como t\u00e9cnico<\/strong><\/p>\n<p>&#8220;Tengo un pasado y un presente en Manresa. Como jugador mi carrera fue all\u00ed con gran aprecio a aquel club. Es una situaci\u00f3n que ya he vivido como jugador, y ahora ser\u00e1 la primera como entrenador&#8221;.<\/p>\n<p><strong>Situaci\u00f3n V\u00edctor Sada<\/strong><\/p>\n<p>&#8220;Tenemos dos o tres d\u00edas para valorar c\u00f3mo asimila el tratamiento. A partir de ah\u00ed, valoraremos cu\u00e1l es el camino a seguir. Esperamos que el procedimiento que estamos siguiendo vaya bien. A d\u00eda de hoy todav\u00eda no podemos decir nada. A ver si a partir del jueves nota la mejora que esperamos&#8221;.<\/p>\n<p><strong>Paso adelante<\/strong><\/p>\n<p>&#8220;La primera de como nuestro p\u00fablico est\u00e1 disfrutando del espect\u00e1culo de la Liga Endesa, y en eso se ha de seguir haciendo esfuerzos. Y despu\u00e9s por la victoria y por el paso adelante del equipo con el contratiempo de un compa\u00f1ero lesionado. Nadie se lament\u00f3, no lo hizo el equipo y los jugadores que ten\u00edan que hacer un exceso lo hicieron&#8221;.<\/p>\n<p><strong>Schreiner MVP, Navarro decisivo<\/strong><\/p>\n<p>&#8220;Llevamos tres jornadas y no hay que volvernos locos. Tiene mucho m\u00e9rito hacer lo que ha hecho Thomas. Los que estamos aqu\u00ed ya sabemos la capacidad que tiene este jugador. Nos sorprende poco pero esto s\u00f3lo ha hecho que empezar. Esta semana tanto Thomas como David se merecen el reconocimiento que est\u00e1n teniendo, ya que son dos jugadores muy trabajadores&#8221;.<\/p>\n<p><strong>Calma, esto s\u00f3lo ha hecho que empezar<\/strong><\/p>\n<p>&#8220;Esto acaba de empezar. S\u00f3lo hemos ganado un partido. Esta sensaci\u00f3n de la Jornada 3 que si se ganar\u00e1 o urgencias, estamos en la jornada 3, esto es muy largo. Tengo muy claro que vamos a un campo muy, muy, muy dif\u00edcil. Conozco ese campo y es muy complicado, adem\u00e1s est\u00e1n convencidos de que est\u00e1n haciendo las cosas bien. Seguro que ser\u00e1 m\u00e1s complicado ir a Manresa que ganar\u00e1 aqu\u00ed en Laboral Kutxa &#8220;.<\/p>\n","protected":false},"excerpt":{"rendered":"<p>Como cada inicio de semana, el t\u00e9cnico, Joan Pe\u00f1arroya, ha analizado la situaci\u00f3n del equipo. Despu\u00e9s de la primera victoria en la Liga Endesa, el equipo respira un estado de \u00e1nimo muy positivo, y m\u00e1s, cuando qued\u00f3 claro que este conjunto da un paso adelante cuando m\u00e1s lo necesita. Pe\u00f1arroya ha pasado por los micr\u00f3fonos [&hellip;]<\/p>\n","protected":false},"author":102,"featured_media":0,"comment_status":"open","ping_status":"closed","sticky":false,"template":"","format":"standard","meta":{"om_disable_all_campaigns":false,"inline_featured_image":false,"_monsterinsights_skip_tracking":false,"_monsterinsights_sitenote_active":false,"_monsterinsights_sitenote_note":"","_monsterinsights_sitenote_category":0,"_uf_show_specific_survey":0,"_uf_disable_surveys":false,"footnotes":""},"categories":[150,109,157],"tags":[152,243,289,163,326,384],"class_list":["post-3169","post","type-post","status-publish","format-standard","hentry","category-basquet-club-andorra-es","category-morabanc-andorra-es","category-patrocinadores","tag-acb-es","tag-liga-endesa-es","tag-manresa-es","tag-penarroya-es","tag-sada-es","tag-schreiner-es"],"aioseo_notices":[],"_links":{"self":[{"href":"https:\/\/www.bca.ad\/es\/wp-json\/wp\/v2\/posts\/3169","targetHints":{"allow":["GET"]}}],"collection":[{"href":"https:\/\/www.bca.ad\/es\/wp-json\/wp\/v2\/posts"}],"about":[{"href":"https:\/\/www.bca.ad\/es\/wp-json\/wp\/v2\/types\/post"}],"author":[{"embeddable":true,"href":"https:\/\/www.bca.ad\/es\/wp-json\/wp\/v2\/users\/102"}],"replies":[{"embeddable":true,"href":"https:\/\/www.bca.ad\/es\/wp-json\/wp\/v2\/comments?post=3169"}],"version-history":[{"count":0,"href":"https:\/\/www.bca.ad\/es\/wp-json\/wp\/v2\/posts\/3169\/revisions"}],"wp:attachment":[{"href":"https:\/\/www.bca.ad\/es\/wp-json\/wp\/v2\/media?parent=3169"}],"wp:term":[{"taxonomy":"category","embeddable":true,"href":"https:\/\/www.bca.ad\/es\/wp-json\/wp\/v2\/categories?post=3169"},{"taxonomy":"post_tag","embeddable":true,"href":"https:\/\/www.bca.ad\/es\/wp-json\/wp\/v2\/tags?post=3169"}],"curies":[{"name":"wp","href":"https:\/\/api.w.org\/{rel}","templated":true}]}}