{"id":33342,"date":"2023-10-11T13:55:35","date_gmt":"2023-10-11T11:55:35","guid":{"rendered":"https:\/\/www.bca.ad\/unicaja-de-malaga-ficha-tyson-perez-que-seguira-cedido-en-el-morabanc-andorra-una-temporada\/"},"modified":"2023-10-11T14:01:55","modified_gmt":"2023-10-11T12:01:55","slug":"acuerdo-tyson-perez-23-24","status":"publish","type":"post","link":"https:\/\/www.bca.ad\/es\/acuerdo-tyson-perez-23-24\/","title":{"rendered":"Unicaja de M\u00e1laga ficha Tyson P\u00e9rez, que seguir\u00e1 cedido en el MoraBanc Andorra una temporada"},"content":{"rendered":"<p style=\"text-align: justify;\"><strong>El ala-p\u00edvot espa\u00f1ol cumplir\u00e1 as\u00ed su tercer temporada como tricolor.<\/strong><\/p>\n<p>&nbsp;<\/p>\n<p style=\"text-align: justify;\">MoraBanc Andorra y Unicaja de M\u00e1laga han llegado a un acuerdo por la venta de los derechos del jugador al conjunto andaluz. En este mismo acuerdo tambi\u00e9n hay el entendimiento entre las partes de la cesi\u00f3n del jugador para que dispute esta temporada 2023\/2024 con el equipo del Principado.<\/p>\n","protected":false},"excerpt":{"rendered":"<p>El ala-p\u00edvot espa\u00f1ol cumplir\u00e1 as\u00ed su tercer temporada como tricolor. &nbsp; MoraBanc Andorra y Unicaja de M\u00e1laga han llegado a un acuerdo por la venta de los derechos del jugador al conjunto andaluz. En este mismo acuerdo tambi\u00e9n hay el entendimiento entre las partes de la cesi\u00f3n del jugador para que dispute esta temporada 2023\/2024 [&hellip;]<\/p>\n","protected":false},"author":102,"featured_media":33763,"comment_status":"closed","ping_status":"closed","sticky":false,"template":"","format":"standard","meta":{"om_disable_all_campaigns":false,"inline_featured_image":false,"_monsterinsights_skip_tracking":false,"_monsterinsights_sitenote_active":false,"_monsterinsights_sitenote_note":"","_monsterinsights_sitenote_category":0,"_uf_show_specific_survey":0,"_uf_disable_surveys":false,"footnotes":""},"categories":[944,109],"tags":[205,1059,1067,1068],"class_list":["post-33342","post","type-post","status-publish","format-standard","has-post-thumbnail","hentry","category-acb-es","category-morabanc-andorra-es","tag-morabanc-andorra","tag-temporada-2023-2024-es","tag-tyson-perez-es","tag-unicaja-de-malaga-es"],"aioseo_notices":[],"_links":{"self":[{"href":"https:\/\/www.bca.ad\/es\/wp-json\/wp\/v2\/posts\/33342","targetHints":{"allow":["GET"]}}],"collection":[{"href":"https:\/\/www.bca.ad\/es\/wp-json\/wp\/v2\/posts"}],"about":[{"href":"https:\/\/www.bca.ad\/es\/wp-json\/wp\/v2\/types\/post"}],"author":[{"embeddable":true,"href":"https:\/\/www.bca.ad\/es\/wp-json\/wp\/v2\/users\/102"}],"replies":[{"embeddable":true,"href":"https:\/\/www.bca.ad\/es\/wp-json\/wp\/v2\/comments?post=33342"}],"version-history":[{"count":0,"href":"https:\/\/www.bca.ad\/es\/wp-json\/wp\/v2\/posts\/33342\/revisions"}],"wp:featuredmedia":[{"embeddable":true,"href":"https:\/\/www.bca.ad\/es\/wp-json\/wp\/v2\/media\/33763"}],"wp:attachment":[{"href":"https:\/\/www.bca.ad\/es\/wp-json\/wp\/v2\/media?parent=33342"}],"wp:term":[{"taxonomy":"category","embeddable":true,"href":"https:\/\/www.bca.ad\/es\/wp-json\/wp\/v2\/categories?post=33342"},{"taxonomy":"post_tag","embeddable":true,"href":"https:\/\/www.bca.ad\/es\/wp-json\/wp\/v2\/tags?post=33342"}],"curies":[{"name":"wp","href":"https:\/\/api.w.org\/{rel}","templated":true}]}}