{"id":33983,"date":"2023-11-22T15:50:10","date_gmt":"2023-11-22T13:50:10","guid":{"rendered":"https:\/\/www.bca.ad\/comunicado-medico-tyson-perez\/"},"modified":"2023-11-22T15:50:10","modified_gmt":"2023-11-22T13:50:10","slug":"comunicado-medico-tyson-perez","status":"publish","type":"post","link":"https:\/\/www.bca.ad\/es\/comunicado-medico-tyson-perez\/","title":{"rendered":"Comunicado m\u00e9dico: Tyson P\u00e9rez"},"content":{"rendered":"<p>El jugador del MoraBanc Andorra Tyson P\u00e9rez tuvo que ser sustituido en el tramo inicial del partido del pasado domingo en Granada. Las pruebas m\u00e9dicas realizadas determinan que sufre una lesi\u00f3n muscular en el b\u00edceps femoral de la pierna izquierda con afectaci\u00f3n tendinosa. Pron\u00f3stico de recuperaci\u00f3n de ocho a diez semanas<\/p>\n","protected":false},"excerpt":{"rendered":"<p>El jugador del MoraBanc Andorra Tyson P\u00e9rez tuvo que ser sustituido en el tramo inicial del partido del pasado domingo en Granada. Las pruebas m\u00e9dicas realizadas determinan que sufre una lesi\u00f3n muscular en el b\u00edceps femoral de la pierna izquierda con afectaci\u00f3n tendinosa. Pron\u00f3stico de recuperaci\u00f3n de ocho a diez semanas<\/p>\n","protected":false},"author":102,"featured_media":33982,"comment_status":"closed","ping_status":"closed","sticky":false,"template":"","format":"standard","meta":{"om_disable_all_campaigns":false,"inline_featured_image":false,"_monsterinsights_skip_tracking":false,"_monsterinsights_sitenote_active":false,"_monsterinsights_sitenote_note":"","_monsterinsights_sitenote_category":0,"_uf_show_specific_survey":0,"_uf_disable_surveys":false,"footnotes":""},"categories":[944,150,109],"tags":[1037,1206,1207,1177,521,1059,1067],"class_list":["post-33983","post","type-post","status-publish","format-standard","has-post-thumbnail","hentry","category-acb-es","category-basquet-club-andorra-es","category-morabanc-andorra-es","tag-acb-es-2","tag-comunicado","tag-comunicado-medico","tag-lliga-endesa-es-2","tag-morabanc-andorra-es2","tag-temporada-2023-2024-es","tag-tyson-perez-es"],"aioseo_notices":[],"_links":{"self":[{"href":"https:\/\/www.bca.ad\/es\/wp-json\/wp\/v2\/posts\/33983","targetHints":{"allow":["GET"]}}],"collection":[{"href":"https:\/\/www.bca.ad\/es\/wp-json\/wp\/v2\/posts"}],"about":[{"href":"https:\/\/www.bca.ad\/es\/wp-json\/wp\/v2\/types\/post"}],"author":[{"embeddable":true,"href":"https:\/\/www.bca.ad\/es\/wp-json\/wp\/v2\/users\/102"}],"replies":[{"embeddable":true,"href":"https:\/\/www.bca.ad\/es\/wp-json\/wp\/v2\/comments?post=33983"}],"version-history":[{"count":0,"href":"https:\/\/www.bca.ad\/es\/wp-json\/wp\/v2\/posts\/33983\/revisions"}],"wp:featuredmedia":[{"embeddable":true,"href":"https:\/\/www.bca.ad\/es\/wp-json\/wp\/v2\/media\/33982"}],"wp:attachment":[{"href":"https:\/\/www.bca.ad\/es\/wp-json\/wp\/v2\/media?parent=33983"}],"wp:term":[{"taxonomy":"category","embeddable":true,"href":"https:\/\/www.bca.ad\/es\/wp-json\/wp\/v2\/categories?post=33983"},{"taxonomy":"post_tag","embeddable":true,"href":"https:\/\/www.bca.ad\/es\/wp-json\/wp\/v2\/tags?post=33983"}],"curies":[{"name":"wp","href":"https:\/\/api.w.org\/{rel}","templated":true}]}}