{"id":34157,"date":"2023-12-04T21:43:51","date_gmt":"2023-12-04T19:43:51","guid":{"rendered":"https:\/\/www.bca.ad\/el-infantil-disfrutara-de-la-mini-copa\/"},"modified":"2023-12-04T23:39:48","modified_gmt":"2023-12-04T21:39:48","slug":"el-infantil-disfrutara-de-la-mini-copa-23-24","status":"publish","type":"post","link":"https:\/\/www.bca.ad\/es\/el-infantil-disfrutara-de-la-mini-copa-23-24\/","title":{"rendered":"El Infantil disfrutar\u00e1 de la Mini Copa"},"content":{"rendered":"<p style=\"text-align: justify;\">Este pr\u00f3ximo mi\u00e9rcoles se inicia la fase previa de la Mini Copa por nuestro Infantil Interterritorial. La competici\u00f3n se desarrollar\u00e1 en el Palau d&#8217;Esports de Catalunya, en dos pistas de esta nueva y excelente instalaci\u00f3n, y en el Polideportivo de Campclar. El BC MoraBanc Andorra Vermell ha quedado emparejado con el Joventut de Badalona, Gran Canaria y Fundaci\u00f3n Bilbao Basket Fundazioa en el grupo B.<\/p>\n<p>&nbsp;<\/p>\n<p style=\"text-align: justify;\">En el primer entrenamiento de esta semana de Mini Copa, el Infantil ha recibido la visita de <strong>Gorka Aix\u00e0s<\/strong>, presidente del club, <strong>Francesc Solana<\/strong>, general m\u00e1nager y <strong>David Eudal<\/strong>, director de la base del club. Junto a ellos, y en representaci\u00f3n del MoraBanc Andorra, <strong>Natxo Lezkano<\/strong>, entrenador, <strong>Alejandro Gonz\u00e1lez<\/strong>, ayudante t\u00e9cnico y <strong>Tyson P\u00e9rez<\/strong>, jugador del primer equipo. Los chicos han recibido los \u00e1nimos y calor del club en un escenario ideal, el vestuario del MoraBanc Andorra.<\/p>\n<p>&nbsp;<\/p>\n<p style=\"text-align: justify;\">Su entrenador, <strong>Xavi Luque<\/strong>, no ha podido negar la ilusi\u00f3n de los chicos teniendo presente esta competici\u00f3n tan especial para ellos afirmando que <strong>&#8220;Est\u00e1n excitados desde que acab\u00f3 el \u00faltimo partido de liga contra el Manresa.&#8221;<\/strong> Tambi\u00e9n destaca que <strong>&#8220;Hemos intentado transmitir a los chicos el mensaje de que tienen que empezar a disfrutar de la experiencia desde hoy mismo. Que no empiecen a ser conscientes de lo especial que es esta Mini Copa cuando entren en pista en el primer partido, sino ya hacerlo con todas las actividades, viajes y vivencias que lo rodea&#8221;<\/strong>. Tambi\u00e9n ha hablado en <strong>Conrad Comellas<\/strong>, uno de los jugadores del Infantil, ha destacado que <strong>&#8220;Nos hace mucha ilusi\u00f3n jugar esta Mini Copa porque es una experiencia que no hemos vivido antes. Vamos a Tarragona con el principal objetivo de disfrutar&#8221;<\/strong>. Para finalizar, <strong>Natxo Lezkano<\/strong> les ha hecho inciso en el hecho de <strong>&#8220;Disfrutar de la experiencia y conocer al resto de los equipos para hacer muchos amigos del mundo del baloncesto.&#8221;<\/strong><\/p>\n<p>&nbsp;<\/p>\n<p style=\"text-align: justify;\">Los tricolores viajar\u00e1n el mismo mi\u00e9rcoles por la ma\u00f1ana hacia Tarragona para iniciar una semana que nunca olvidar\u00e1n.<\/p>\n<p>&nbsp;<br \/>\n<iframe loading=\"lazy\" src=\"https:\/\/www.youtube.com\/embed\/TLLYAKbi-2g?si=wL5WAUMD9N-eyMs2\" width=\"560\" height=\"315\" frameborder=\"0\" allowfullscreen=\"allowfullscreen\"><\/iframe><br \/>\n&nbsp;<\/p>\n","protected":false},"excerpt":{"rendered":"<p>Este pr\u00f3ximo mi\u00e9rcoles se inicia la fase previa de la Mini Copa por nuestro Infantil Interterritorial. La competici\u00f3n se desarrollar\u00e1 en el Palau d&#8217;Esports de Catalunya, en dos pistas de esta nueva y excelente instalaci\u00f3n, y en el Polideportivo de Campclar. El BC MoraBanc Andorra Vermell ha quedado emparejado con el Joventut de Badalona, Gran [&hellip;]<\/p>\n","protected":false},"author":102,"featured_media":34156,"comment_status":"closed","ping_status":"closed","sticky":false,"template":"","format":"standard","meta":{"om_disable_all_campaigns":false,"inline_featured_image":false,"_monsterinsights_skip_tracking":false,"_monsterinsights_sitenote_active":false,"_monsterinsights_sitenote_note":"","_monsterinsights_sitenote_category":0,"_uf_show_specific_survey":0,"_uf_disable_surveys":false,"footnotes":""},"categories":[944,150,109],"tags":[810,205,1259,1059],"class_list":["post-34157","post","type-post","status-publish","format-standard","has-post-thumbnail","hentry","category-acb-es","category-basquet-club-andorra-es","category-morabanc-andorra-es","tag-mini-copa-es","tag-morabanc-andorra","tag-tarragona-es","tag-temporada-2023-2024-es"],"aioseo_notices":[],"_links":{"self":[{"href":"https:\/\/www.bca.ad\/es\/wp-json\/wp\/v2\/posts\/34157","targetHints":{"allow":["GET"]}}],"collection":[{"href":"https:\/\/www.bca.ad\/es\/wp-json\/wp\/v2\/posts"}],"about":[{"href":"https:\/\/www.bca.ad\/es\/wp-json\/wp\/v2\/types\/post"}],"author":[{"embeddable":true,"href":"https:\/\/www.bca.ad\/es\/wp-json\/wp\/v2\/users\/102"}],"replies":[{"embeddable":true,"href":"https:\/\/www.bca.ad\/es\/wp-json\/wp\/v2\/comments?post=34157"}],"version-history":[{"count":0,"href":"https:\/\/www.bca.ad\/es\/wp-json\/wp\/v2\/posts\/34157\/revisions"}],"wp:featuredmedia":[{"embeddable":true,"href":"https:\/\/www.bca.ad\/es\/wp-json\/wp\/v2\/media\/34156"}],"wp:attachment":[{"href":"https:\/\/www.bca.ad\/es\/wp-json\/wp\/v2\/media?parent=34157"}],"wp:term":[{"taxonomy":"category","embeddable":true,"href":"https:\/\/www.bca.ad\/es\/wp-json\/wp\/v2\/categories?post=34157"},{"taxonomy":"post_tag","embeddable":true,"href":"https:\/\/www.bca.ad\/es\/wp-json\/wp\/v2\/tags?post=34157"}],"curies":[{"name":"wp","href":"https:\/\/api.w.org\/{rel}","templated":true}]}}