{"id":3441,"date":"2014-11-11T13:05:27","date_gmt":"2014-11-11T13:05:27","guid":{"rendered":"http:\/\/www.bca.ad\/no-podem-perdre-mes-de-dos-segons-en-lamentar-se-hem-de-mirar-endavant-i-buscar-solucions-2\/"},"modified":"2014-11-11T13:06:31","modified_gmt":"2014-11-11T13:06:31","slug":"no-podem-perdre-mes-de-dos-segons-en-lamentar-se-hem-de-mirar-endavant-i-buscar-solucions","status":"publish","type":"post","link":"https:\/\/www.bca.ad\/es\/no-podem-perdre-mes-de-dos-segons-en-lamentar-se-hem-de-mirar-endavant-i-buscar-solucions\/","title":{"rendered":"&#8220;No podemos perder m\u00e1s de dos segundos en lamentarse. Tenemos que mirar adelante y buscar soluciones&#8221;"},"content":{"rendered":"<p>Mucha actualidad la que hab\u00eda hoy en BC MoraBanc Andorra. Actualidad que pasaba por muchos frentes. Desde la lesi\u00f3n de V\u00edctor Sada, operado ayer con \u00e9xito de sus problemas, la b\u00fasqueda de un sustituto y el estado de una plantilla que hab\u00eda encajado una derrota dolorosa en San Sebastian. El t\u00e9cnico, Joan Pe\u00f1arroya, como cada inicio de semana, ha analizado toda esta actualidad, respondiendo todas las dudas y explicando que hay que dejar de lado las lamentaciones para tratar de buscar las soluciones que nos lleven a la identidad de un equipo que sabe competir en la Liga Endesa.<\/p>\n<p>Estas han sido las declaraciones m\u00e1s importantes de Pe\u00f1arroya:<\/p>\n<p><strong>Lesi\u00f3n V\u00edctor Sada<\/strong><\/p>\n<p>&#8220;La operaci\u00f3n fue bien. Ahora a pensar en estar tranquilo y recuperarse y lo mejor posible &#8221;<\/p>\n<p>&#8220;Nuestros servicios m\u00e9dicos ha llevado el tema excepcionalmente. Se ha actuado correctamente desde el principio. Esta ha sido la \u00faltima opci\u00f3n, no ha quedado llegar a la decisi\u00f3n quir\u00fargica. V\u00edctor jug\u00f3 80 partidos el a\u00f1o pasado, cuando se fich\u00f3 hab\u00eda disputado este n\u00famero de partidos, el club no ficha a un jugador lesionado &#8220;.<\/p>\n<p>&#8220;Es evidente que es un jugador puntero al proyecto, por lo que ten\u00eda que aportar y por su conocimiento de la liga. Son cosas que pasan en el mundo del deporte. Con ello tendremos e convivir y seguir &#8220;.<\/p>\n<p><strong>Fichaje<\/strong><\/p>\n<p>&#8220;No hay plazos para fichar. Cuanto antes mejor. El mercado est\u00e1 como est\u00e1 y nosotros somos lo que somos. En eso estamos, intentando encontrar una soluci\u00f3n y una jugador que venga ayudarnos desde el primer momento&#8221;.<\/p>\n<p><strong>Reacci\u00f3n Equipo<\/strong><\/p>\n<p>&#8220;El equipo har\u00e1 como siempre, buscar soluciones, y como hemos hecho en las \u00faltimas jornadas intentar que la baja se note lo menos posible. Lo estamos llevando bien, pero es de forma temporal, no se puede alargar en el tiempo. Tanto David como Thomas lo est\u00e1n haciendo bien, pero ahora ya tenemos necesidad de incorporar. No nos podemos permitir jugar esta liga con una plantilla de 9 jugadores, y todo ello sin contar con posibles bajas por otros problemas&#8221;.<\/p>\n<p><strong>Mercado<\/strong><\/p>\n<p>&#8220;Para fichar hay un poco de todo, no hay bases en el mercado, adem\u00e1s hay varios equipos que buscan base. Y despu\u00e9s no hay bases como nos gustar\u00eda a nosotros, con cierto conocimiento de la liga, con experiencia, y despu\u00e9s, si los hay, se escapa a lo que nosotros podemos ofrecer. Tenemos una situaci\u00f3n que buscamos un jugador que sume, y despu\u00e9s ver el contrato, si es temporal o hasta final de la temporada. Lo m\u00e1s complicado es que no hay bases en el mercado&#8221;.<\/p>\n<p><strong>Situaci\u00f3n Equipo<\/strong><\/p>\n<p>&#8220;No podemos perder m\u00e1s de dos segundos en lamentarse. Tenemos que mirar adelante y buscar soluciones. El equipo ha demostrado que si hace cosas bien puede ganar partidos y competir en esta liga. Lo que tenemos que hacer es entrenar bien y llegar al partido a competir y luchar por la victoria\u201d.<\/p>\n<p><strong>El Rival: FIATC Joventut<\/strong><\/p>\n<p>&#8220;Es lo mismo que en pretemporada. Igual que nosotros. Vienen de ganar dos partidos de mucho prestigio. Su estilo no ha cambiado. Ahora est\u00e1 mejor de forma que cuando jugamos, pero la filosof\u00eda es la misma, teniendo muy claro a que juegan. Nosotros tambi\u00e9n tenemos claro que jugamos y si estamos al nivel al Joventut sufrir\u00e1 para ganar aqu\u00ed&#8221;.<\/p>\n","protected":false},"excerpt":{"rendered":"<p>Mucha actualidad la que hab\u00eda hoy en BC MoraBanc Andorra. Actualidad que pasaba por muchos frentes. Desde la lesi\u00f3n de V\u00edctor Sada, operado ayer con \u00e9xito de sus problemas, la b\u00fasqueda de un sustituto y el estado de una plantilla que hab\u00eda encajado una derrota dolorosa en San Sebastian. El t\u00e9cnico, Joan Pe\u00f1arroya, como cada [&hellip;]<\/p>\n","protected":false},"author":102,"featured_media":0,"comment_status":"open","ping_status":"closed","sticky":false,"template":"","format":"standard","meta":{"om_disable_all_campaigns":false,"inline_featured_image":false,"_monsterinsights_skip_tracking":false,"_monsterinsights_sitenote_active":false,"_monsterinsights_sitenote_note":"","_monsterinsights_sitenote_category":0,"_uf_show_specific_survey":0,"_uf_disable_surveys":false,"footnotes":""},"categories":[150,109,157],"tags":[],"class_list":["post-3441","post","type-post","status-publish","format-standard","hentry","category-basquet-club-andorra-es","category-morabanc-andorra-es","category-patrocinadores"],"aioseo_notices":[],"_links":{"self":[{"href":"https:\/\/www.bca.ad\/es\/wp-json\/wp\/v2\/posts\/3441","targetHints":{"allow":["GET"]}}],"collection":[{"href":"https:\/\/www.bca.ad\/es\/wp-json\/wp\/v2\/posts"}],"about":[{"href":"https:\/\/www.bca.ad\/es\/wp-json\/wp\/v2\/types\/post"}],"author":[{"embeddable":true,"href":"https:\/\/www.bca.ad\/es\/wp-json\/wp\/v2\/users\/102"}],"replies":[{"embeddable":true,"href":"https:\/\/www.bca.ad\/es\/wp-json\/wp\/v2\/comments?post=3441"}],"version-history":[{"count":0,"href":"https:\/\/www.bca.ad\/es\/wp-json\/wp\/v2\/posts\/3441\/revisions"}],"wp:attachment":[{"href":"https:\/\/www.bca.ad\/es\/wp-json\/wp\/v2\/media?parent=3441"}],"wp:term":[{"taxonomy":"category","embeddable":true,"href":"https:\/\/www.bca.ad\/es\/wp-json\/wp\/v2\/categories?post=3441"},{"taxonomy":"post_tag","embeddable":true,"href":"https:\/\/www.bca.ad\/es\/wp-json\/wp\/v2\/tags?post=3441"}],"curies":[{"name":"wp","href":"https:\/\/api.w.org\/{rel}","templated":true}]}}