{"id":35363,"date":"2024-07-18T19:25:59","date_gmt":"2024-07-18T17:25:59","guid":{"rendered":"https:\/\/www.bca.ad\/ferran-bassas-presentado-en-la-sede-central-de-morabanc\/"},"modified":"2024-07-18T19:31:50","modified_gmt":"2024-07-18T17:31:50","slug":"ferran-bassas-presentado-en-la-sede-central-de-morabanc","status":"publish","type":"post","link":"https:\/\/www.bca.ad\/es\/ferran-bassas-presentado-en-la-sede-central-de-morabanc\/","title":{"rendered":"Ferran Bassas presentado en la Sede Central de MoraBanc"},"content":{"rendered":"<p style=\"text-align: justify;\">Despu\u00e9s de un largo verano de trabajo en los despachos, y lo que queda, empieza el turno de presentaciones de los nuevos fichajes del MoraBanc Andorra para esta nueva temporada.<\/p>\n<p>&nbsp;<\/p>\n<p style=\"text-align: justify;\">Comenzando con la tradicional fotograf\u00eda frente a la sede central de MoraBanc, nuestro patrocinador principal, y continuando con una rueda de prensa en un lugar muy especial. Tras una gran remodelaci\u00f3n, la presentaci\u00f3n de Ferran Bassas daba lugar en el auditorio de la misma sede central, donde era tradici\u00f3n hacer este tipo de actos.<\/p>\n<p>&nbsp;<\/p>\n<p style=\"text-align: justify;\">Ferran Bassas, junto con la presencia del General M\u00e1nager del club Francesc Solana, ha sido muy claro con su mensaje de ambici\u00f3n de trabajo y de alegr\u00eda por el hecho de haber aterrizado en el Principado para disputar su d\u00e9cima temporada en la Liga Endesa.<\/p>\n<p>&nbsp;<\/p>\n<p style=\"text-align: justify;\"><strong>&#8220;Pensamos que es un momento id\u00f3neo tanto para club como para m\u00ed para que se crucen los caminos&#8221;<\/strong> ha afirmado el nuevo director de juego tricolor el cual afirma sentirse <strong>&#8220;muy contento&#8221;<\/strong> y que busca <strong>&#8220;sentirme importante dentro de la pista&#8221;<\/strong>. <strong>Bassas<\/strong> tambi\u00e9n ha reafirmado que <strong>&#8220;Tengo mucha ambici\u00f3n para ayudar a que el MoraBanc Andorra vuelva a estar en posiciones de m\u00e1s arriba, poder ganar y, creo que la ambici\u00f3n es algo que se tiene que conseguir como equipo&#8221;. Para finalizar a\u00f1ade que <strong>&#8220;Quiero volver a estar contento y sentirme importante dentro de la pista. Intentar\u00e9 transmitir mi experiencia y capacidad de liderazgo para que as\u00ed sea&#8221;<\/strong>.<\/p>\n<p>&nbsp;<\/p>\n<p style=\"text-align: justify;\">Por otro lado, <strong>Francesc Solana<\/strong> ha comentado que <strong>&#8220;La primera conversaci\u00f3n que tuvimos cuando quisimos fichar al Ferran dijimos: <em>Por fin<\/em>. Es un jugador que ha estado en nuestro radar muchos a\u00f1os, que hemos intentado fichar varias veces y por fin nuestros caminos se han podido juntar&#8221;<\/strong>. Tambi\u00e9n a\u00f1ade que <strong>&#8220;Nos aportar\u00e1 experiencia, direcci\u00f3n de equipo y en el vestuario ser\u00e1 uno de los referentes por su capacidad de liderazgo. Esperamos que se adapte r\u00e1pidamente al equipo, al club y que nos aporte desde el primer partido lo que esperamos de \u00e9l&#8221;<\/strong>. Para finalizar remarca que <strong>&#8220;La ambici\u00f3n que nos transmiti\u00f3 para volver a jugar bien y sentirse contento en una pista de baloncesto es el primer objetivo que tenemos marcado, nosotros le ofreceremos este escenario para que pueda hacerlo&#8221;<\/strong>.<\/p>\n<p>&nbsp;<br \/>\n<iframe loading=\"lazy\" src=\"https:\/\/www.youtube.com\/embed\/zCrZ3w5g7Bw?si=AH1Ozp11xk0y9u04\" width=\"560\" height=\"315\" frameborder=\"0\" allowfullscreen=\"allowfullscreen\"><\/iframe><\/p>\n","protected":false},"excerpt":{"rendered":"<p>Despu\u00e9s de un largo verano de trabajo en los despachos, y lo que queda, empieza el turno de presentaciones de los nuevos fichajes del MoraBanc Andorra para esta nueva temporada. &nbsp; Comenzando con la tradicional fotograf\u00eda frente a la sede central de MoraBanc, nuestro patrocinador principal, y continuando con una rueda de prensa en un [&hellip;]<\/p>\n","protected":false},"author":102,"featured_media":35362,"comment_status":"closed","ping_status":"closed","sticky":false,"template":"","format":"standard","meta":{"om_disable_all_campaigns":false,"inline_featured_image":false,"_monsterinsights_skip_tracking":false,"_monsterinsights_sitenote_active":false,"_monsterinsights_sitenote_note":"","_monsterinsights_sitenote_category":0,"_uf_show_specific_survey":0,"_uf_disable_surveys":false,"footnotes":""},"categories":[944,150,1409,109,98],"tags":[1431,1070,1402],"class_list":["post-35363","post","type-post","status-publish","format-standard","has-post-thumbnail","hentry","category-acb-es","category-basquet-club-andorra-es","category-bcl-es","category-morabanc-andorra-es","category-noticia-es","tag-ferran-bassas-es","tag-presentacion","tag-temporada-2024-2025-es"],"aioseo_notices":[],"_links":{"self":[{"href":"https:\/\/www.bca.ad\/es\/wp-json\/wp\/v2\/posts\/35363","targetHints":{"allow":["GET"]}}],"collection":[{"href":"https:\/\/www.bca.ad\/es\/wp-json\/wp\/v2\/posts"}],"about":[{"href":"https:\/\/www.bca.ad\/es\/wp-json\/wp\/v2\/types\/post"}],"author":[{"embeddable":true,"href":"https:\/\/www.bca.ad\/es\/wp-json\/wp\/v2\/users\/102"}],"replies":[{"embeddable":true,"href":"https:\/\/www.bca.ad\/es\/wp-json\/wp\/v2\/comments?post=35363"}],"version-history":[{"count":0,"href":"https:\/\/www.bca.ad\/es\/wp-json\/wp\/v2\/posts\/35363\/revisions"}],"wp:featuredmedia":[{"embeddable":true,"href":"https:\/\/www.bca.ad\/es\/wp-json\/wp\/v2\/media\/35362"}],"wp:attachment":[{"href":"https:\/\/www.bca.ad\/es\/wp-json\/wp\/v2\/media?parent=35363"}],"wp:term":[{"taxonomy":"category","embeddable":true,"href":"https:\/\/www.bca.ad\/es\/wp-json\/wp\/v2\/categories?post=35363"},{"taxonomy":"post_tag","embeddable":true,"href":"https:\/\/www.bca.ad\/es\/wp-json\/wp\/v2\/tags?post=35363"}],"curies":[{"name":"wp","href":"https:\/\/api.w.org\/{rel}","templated":true}]}}