{"id":35491,"date":"2024-07-31T15:12:01","date_gmt":"2024-07-31T13:12:01","guid":{"rendered":"https:\/\/www.bca.ad\/luz-hasta-el-2026\/"},"modified":"2024-07-31T15:13:38","modified_gmt":"2024-07-31T13:13:38","slug":"luz-hasta-el-2026","status":"publish","type":"post","link":"https:\/\/www.bca.ad\/es\/luz-hasta-el-2026\/","title":{"rendered":"Luz hasta el 2026"},"content":{"rendered":"<p style=\"text-align: justify;\"><strong>Rafa Luz ampl\u00eda su vinculaci\u00f3n con el BC MoraBanc Andorra una temporada m\u00e1s, alargando el contrato hasta 2026.<\/strong><\/p>\n<p>&nbsp;<\/p>\n<p style=\"text-align: justify;\">El MoraBanc Andorra y el jugador continuar\u00e1n su vinculaci\u00f3n m\u00e1s all\u00e1 de la pr\u00f3xima temporada. Con esta ampliaci\u00f3n de contrato, Luz cumplir\u00e1 5 temporadas en el club.<\/p>\n<p>&nbsp;<\/p>\n<p style=\"text-align: justify;\">El base brasile\u00f1o se ha convertido en una pieza clave para el t\u00e9cnico Natxo Lezkano y una de las voces m\u00e1s autorizadas en el vestuario. A sus 32 a\u00f1os cerraba la temporada pasada con 21 minutos de media y 5&#8217;2 puntos por partido.<\/p>\n<p>&nbsp;<\/p>\n<p style=\"text-align: justify;\">La experiencia y profesionalidad de Rafa Luz en estos nuevos retos que tiene el MoraBanc Andorra de antemano ser\u00e1n fundamentales para poder conseguir los objetivos tanto en la Liga Endesa como en la BCL.<\/p>\n<p>&nbsp;<\/p>\n<p style=\"text-align: justify;\">El GM del club, <strong>Francesc Solana<\/strong> explicaba que: <strong>&#8220;Esta es una renovaci\u00f3n de confianza mutua. Rafa ha sido un jugador que apost\u00f3 por volver con nosotros en un momento complicado y su implicaci\u00f3n y esfuerzo se han demostrado d\u00eda a d\u00eda. Su experiencia ser\u00e1 clave para los nuevos retos que tenemos por adelante&#8221;<\/strong>.<\/p>\n<p>&nbsp;<\/p>\n<p style=\"text-align: justify;\">Por su parte, <strong>Rafa Luz<\/strong> a\u00f1ad\u00eda: <strong>&#8220;Muy contento por poder seguir vinculado una temporada m\u00e1s al MoraBanc Andorra. Una confianza mutua ante proyectos muy ilusionantes para las dos partes y que esperamos realizarlos lo mejor posible&#8221;<\/strong>.<\/p>\n<p>&nbsp;<\/p>\n<p style=\"text-align: justify;\">Rafa Luz es ya un referente para la afici\u00f3n y con esta renovaci\u00f3n estamos seguros de que llegar\u00e1 a cifras hist\u00f3ricas del club.<\/p>\n","protected":false},"excerpt":{"rendered":"<p>Rafa Luz ampl\u00eda su vinculaci\u00f3n con el BC MoraBanc Andorra una temporada m\u00e1s, alargando el contrato hasta 2026. &nbsp; El MoraBanc Andorra y el jugador continuar\u00e1n su vinculaci\u00f3n m\u00e1s all\u00e1 de la pr\u00f3xima temporada. Con esta ampliaci\u00f3n de contrato, Luz cumplir\u00e1 5 temporadas en el club. &nbsp; El base brasile\u00f1o se ha convertido en una [&hellip;]<\/p>\n","protected":false},"author":102,"featured_media":35490,"comment_status":"closed","ping_status":"closed","sticky":false,"template":"","format":"standard","meta":{"om_disable_all_campaigns":false,"inline_featured_image":false,"_monsterinsights_skip_tracking":false,"_monsterinsights_sitenote_active":false,"_monsterinsights_sitenote_note":"","_monsterinsights_sitenote_category":0,"_uf_show_specific_survey":0,"_uf_disable_surveys":false,"footnotes":""},"categories":[944,150,1409,109,98],"tags":[1208,242,1402],"class_list":["post-35491","post","type-post","status-publish","format-standard","has-post-thumbnail","hentry","category-acb-es","category-basquet-club-andorra-es","category-bcl-es","category-morabanc-andorra-es","category-noticia-es","tag-rafa-luz-es","tag-renovacio","tag-temporada-2024-2025-es"],"aioseo_notices":[],"_links":{"self":[{"href":"https:\/\/www.bca.ad\/es\/wp-json\/wp\/v2\/posts\/35491","targetHints":{"allow":["GET"]}}],"collection":[{"href":"https:\/\/www.bca.ad\/es\/wp-json\/wp\/v2\/posts"}],"about":[{"href":"https:\/\/www.bca.ad\/es\/wp-json\/wp\/v2\/types\/post"}],"author":[{"embeddable":true,"href":"https:\/\/www.bca.ad\/es\/wp-json\/wp\/v2\/users\/102"}],"replies":[{"embeddable":true,"href":"https:\/\/www.bca.ad\/es\/wp-json\/wp\/v2\/comments?post=35491"}],"version-history":[{"count":0,"href":"https:\/\/www.bca.ad\/es\/wp-json\/wp\/v2\/posts\/35491\/revisions"}],"wp:featuredmedia":[{"embeddable":true,"href":"https:\/\/www.bca.ad\/es\/wp-json\/wp\/v2\/media\/35490"}],"wp:attachment":[{"href":"https:\/\/www.bca.ad\/es\/wp-json\/wp\/v2\/media?parent=35491"}],"wp:term":[{"taxonomy":"category","embeddable":true,"href":"https:\/\/www.bca.ad\/es\/wp-json\/wp\/v2\/categories?post=35491"},{"taxonomy":"post_tag","embeddable":true,"href":"https:\/\/www.bca.ad\/es\/wp-json\/wp\/v2\/tags?post=35491"}],"curies":[{"name":"wp","href":"https:\/\/api.w.org\/{rel}","templated":true}]}}