{"id":35682,"date":"2024-08-27T13:09:45","date_gmt":"2024-08-27T11:09:45","guid":{"rendered":"https:\/\/www.bca.ad\/el-7o-trofeu-de-basquet-de-escaldes-engordany-enfrentara-al-bc-morabanc-andorra-con-la-laguna-tenerife\/"},"modified":"2024-08-27T13:11:28","modified_gmt":"2024-08-27T11:11:28","slug":"el-7o-trofeu-de-basquet-de-escaldes-engordany-enfrentara-al-bc-morabanc-andorra-con-la-laguna-tenerife","status":"publish","type":"post","link":"https:\/\/www.bca.ad\/es\/el-7o-trofeu-de-basquet-de-escaldes-engordany-enfrentara-al-bc-morabanc-andorra-con-la-laguna-tenerife\/","title":{"rendered":"El 7\u00ba Trofeu de B\u00e0squet de Escaldes-Engordany enfrentar\u00e1 al BC MoraBanc Andorra con La Laguna Tenerife"},"content":{"rendered":"<p style=\"text-align: justify;\"><strong>El partido tendr\u00e1 lugar el 6 de septiembre a las 20h y todo el dinero recaudado ir\u00e1 en beneficio de la asociaci\u00f3n Projecte Vida<\/strong><\/p>\n<p>&nbsp;<\/p>\n<p style=\"text-align: justify;\">El Prat Gran ser\u00e1, un a\u00f1o m\u00e1s, el escenario del partido amistoso de pretemporada que este a\u00f1o se celebrar\u00e1 entre el BC MoraBanc Andorra y la Laguna Tenerife y que se incluir\u00e1 dentro del 7\u00ba Trofeu de B\u00e0squet de Escaldes-Engordany. El evento tendr\u00e1 lugar el pr\u00f3ximo viernes 6 de septiembre a las 20 horas.<\/p>\n<p>&nbsp;<\/p>\n<p style=\"text-align: justify;\">Las entradas se pondr\u00e1n a la venta hoy mismo a un precio de 15 euros a trav\u00e9s de la p\u00e1gina web www.bca.ad. Este a\u00f1o, la recaudaci\u00f3n total de las entradas ir\u00e1 en beneficio de la asociaci\u00f3n Proyecto Vida.<\/p>\n<p>&nbsp;<\/p>\n<p style=\"text-align: justify;\">El director general del club, <strong>Francesc Solana<\/strong>, ha explicado durante la presentaci\u00f3n que <strong>&#8220;el Trofeo en Escaldes-Engordany siempre nos ayuda a saber el estado de nuestra preparaci\u00f3n para el inicio de la temporada y adem\u00e1s, este a\u00f1o ante un rival de gran nivel&#8221;<\/strong>.<\/p>\n<p>&nbsp;<\/p>\n<p style=\"text-align: justify;\">Por parte del com\u00fa, la Consejera de Deportes, <strong>Laura L\u00f3pez<\/strong>, ha destacado que <strong>&#8220;estamos muy contentos de colaborar un a\u00f1o m\u00e1s con el MoraBanc&#8221; y de sumar esfuerzos con un proyecto engloba &#8220;valores a nivel deportivo y tambi\u00e9n social&#8221;<\/strong>.<\/p>\n<p>&nbsp;<\/p>\n<p style=\"text-align: justify;\">Finalmente, la presidenta de Proyecto Vida, Eva Tenorio, ha agradecido que este a\u00f1o los beneficios se destinen a su asociaci\u00f3n, as\u00ed como la visibilidad que la acci\u00f3n da al proyecto.<\/p>\n<p>&nbsp;<\/p>\n<p style=\"text-align: justify;\">El trofeo forma parte de un convenio de colaboraci\u00f3n entre el Com\u00fa d&#8217;Escaldes-Engordany y el MoraBanc Andorra que tiene por objetivo promocionar el equipo a la m\u00e1xima categor\u00eda y, al mismo tiempo, contribuir en el desarrollo de la vertiente social del club. Y es que una de las voluntades de la corporaci\u00f3n es estar vinculado al proyecto del club y del pa\u00eds. De ah\u00ed que el Com\u00fa d&#8217;Escaldes-Engordany siga patrocinando el equipo de capacidades especiales de la entidad que lleva el nombre de la parroquia.<\/p>\n","protected":false},"excerpt":{"rendered":"<p>El partido tendr\u00e1 lugar el 6 de septiembre a las 20h y todo el dinero recaudado ir\u00e1 en beneficio de la asociaci\u00f3n Projecte Vida &nbsp; El Prat Gran ser\u00e1, un a\u00f1o m\u00e1s, el escenario del partido amistoso de pretemporada que este a\u00f1o se celebrar\u00e1 entre el BC MoraBanc Andorra y la Laguna Tenerife y que [&hellip;]<\/p>\n","protected":false},"author":102,"featured_media":35680,"comment_status":"closed","ping_status":"closed","sticky":false,"template":"","format":"standard","meta":{"om_disable_all_campaigns":false,"inline_featured_image":false,"_monsterinsights_skip_tracking":false,"_monsterinsights_sitenote_active":false,"_monsterinsights_sitenote_note":"","_monsterinsights_sitenote_category":0,"_uf_show_specific_survey":0,"_uf_disable_surveys":false,"footnotes":""},"categories":[944,150,1409,109,98],"tags":[1476,1475,1376,1060,1402],"class_list":["post-35682","post","type-post","status-publish","format-standard","has-post-thumbnail","hentry","category-acb-es","category-basquet-club-andorra-es","category-bcl-es","category-morabanc-andorra-es","category-noticia-es","tag-7e-trofeo-de-basquet-descaldes-engordany","tag-comu-escaldes-engordany-es","tag-convenio","tag-pretemporada-es-2","tag-temporada-2024-2025-es"],"aioseo_notices":[],"_links":{"self":[{"href":"https:\/\/www.bca.ad\/es\/wp-json\/wp\/v2\/posts\/35682","targetHints":{"allow":["GET"]}}],"collection":[{"href":"https:\/\/www.bca.ad\/es\/wp-json\/wp\/v2\/posts"}],"about":[{"href":"https:\/\/www.bca.ad\/es\/wp-json\/wp\/v2\/types\/post"}],"author":[{"embeddable":true,"href":"https:\/\/www.bca.ad\/es\/wp-json\/wp\/v2\/users\/102"}],"replies":[{"embeddable":true,"href":"https:\/\/www.bca.ad\/es\/wp-json\/wp\/v2\/comments?post=35682"}],"version-history":[{"count":0,"href":"https:\/\/www.bca.ad\/es\/wp-json\/wp\/v2\/posts\/35682\/revisions"}],"wp:featuredmedia":[{"embeddable":true,"href":"https:\/\/www.bca.ad\/es\/wp-json\/wp\/v2\/media\/35680"}],"wp:attachment":[{"href":"https:\/\/www.bca.ad\/es\/wp-json\/wp\/v2\/media?parent=35682"}],"wp:term":[{"taxonomy":"category","embeddable":true,"href":"https:\/\/www.bca.ad\/es\/wp-json\/wp\/v2\/categories?post=35682"},{"taxonomy":"post_tag","embeddable":true,"href":"https:\/\/www.bca.ad\/es\/wp-json\/wp\/v2\/tags?post=35682"}],"curies":[{"name":"wp","href":"https:\/\/api.w.org\/{rel}","templated":true}]}}