{"id":36140,"date":"2024-11-06T15:02:18","date_gmt":"2024-11-06T14:02:18","guid":{"rendered":"https:\/\/www.bca.ad\/parte-medico-ferran-bassas-y-rafa-luz\/"},"modified":"2024-11-06T15:03:17","modified_gmt":"2024-11-06T14:03:17","slug":"parte-medico-ferran-bassas-y-rafa-luz-061124","status":"publish","type":"post","link":"https:\/\/www.bca.ad\/es\/parte-medico-ferran-bassas-y-rafa-luz-061124\/","title":{"rendered":"Parte m\u00e9dico: Ferran Bassas y Rafa Luz"},"content":{"rendered":"<p style=\"text-align: justify;\"><strong>Ferran Bassas<\/strong> tuvo que retirarse del \u00faltimo entrenamiento de preparaci\u00f3n de cara al partido de Lleida. Las pruebas m\u00e9dicas realizadas determinan que sufre una lesi\u00f3n en el gemelo interno de la pierna izquierda.<\/p>\n<p>&nbsp;<\/p>\n<p style=\"text-align: justify;\">Por otro lado, <strong>Rafa Luz<\/strong> sufre una lesi\u00f3n miotendinosa del m\u00fasculo semimembranoso de la pierna derecha.<\/p>\n<p>&nbsp;<\/p>\n<p style=\"text-align: justify;\">El tiempo estimado de baja de los dos jugadores es de unas seis semanas, aunque la evoluci\u00f3n de ambas lesiones marcar\u00e1 su disponibilidad en los pr\u00f3ximos partidos.<\/p>\n","protected":false},"excerpt":{"rendered":"<p>Ferran Bassas tuvo que retirarse del \u00faltimo entrenamiento de preparaci\u00f3n de cara al partido de Lleida. Las pruebas m\u00e9dicas realizadas determinan que sufre una lesi\u00f3n en el gemelo interno de la pierna izquierda. &nbsp; Por otro lado, Rafa Luz sufre una lesi\u00f3n miotendinosa del m\u00fasculo semimembranoso de la pierna derecha. &nbsp; El tiempo estimado de [&hellip;]<\/p>\n","protected":false},"author":102,"featured_media":36139,"comment_status":"closed","ping_status":"closed","sticky":false,"template":"","format":"standard","meta":{"om_disable_all_campaigns":false,"inline_featured_image":false,"_monsterinsights_skip_tracking":false,"_monsterinsights_sitenote_active":false,"_monsterinsights_sitenote_note":"","_monsterinsights_sitenote_category":0,"_uf_show_specific_survey":0,"_uf_disable_surveys":false,"footnotes":""},"categories":[944,150,109,98],"tags":[],"class_list":["post-36140","post","type-post","status-publish","format-standard","has-post-thumbnail","hentry","category-acb-es","category-basquet-club-andorra-es","category-morabanc-andorra-es","category-noticia-es"],"aioseo_notices":[],"_links":{"self":[{"href":"https:\/\/www.bca.ad\/es\/wp-json\/wp\/v2\/posts\/36140","targetHints":{"allow":["GET"]}}],"collection":[{"href":"https:\/\/www.bca.ad\/es\/wp-json\/wp\/v2\/posts"}],"about":[{"href":"https:\/\/www.bca.ad\/es\/wp-json\/wp\/v2\/types\/post"}],"author":[{"embeddable":true,"href":"https:\/\/www.bca.ad\/es\/wp-json\/wp\/v2\/users\/102"}],"replies":[{"embeddable":true,"href":"https:\/\/www.bca.ad\/es\/wp-json\/wp\/v2\/comments?post=36140"}],"version-history":[{"count":0,"href":"https:\/\/www.bca.ad\/es\/wp-json\/wp\/v2\/posts\/36140\/revisions"}],"wp:featuredmedia":[{"embeddable":true,"href":"https:\/\/www.bca.ad\/es\/wp-json\/wp\/v2\/media\/36139"}],"wp:attachment":[{"href":"https:\/\/www.bca.ad\/es\/wp-json\/wp\/v2\/media?parent=36140"}],"wp:term":[{"taxonomy":"category","embeddable":true,"href":"https:\/\/www.bca.ad\/es\/wp-json\/wp\/v2\/categories?post=36140"},{"taxonomy":"post_tag","embeddable":true,"href":"https:\/\/www.bca.ad\/es\/wp-json\/wp\/v2\/tags?post=36140"}],"curies":[{"name":"wp","href":"https:\/\/api.w.org\/{rel}","templated":true}]}}