{"id":36288,"date":"2024-11-16T11:36:14","date_gmt":"2024-11-16T10:36:14","guid":{"rendered":"https:\/\/www.bca.ad\/maipor-25n-te-apuntas\/"},"modified":"2024-11-16T11:37:50","modified_gmt":"2024-11-16T10:37:50","slug":"maipor-25n-24-25","status":"publish","type":"post","link":"https:\/\/www.bca.ad\/es\/maipor-25n-24-25\/","title":{"rendered":"\u00a1MaiPor 25N! \u00bfTe apuntas?"},"content":{"rendered":"<p style=\"text-align: justify;\">Con motivo del <strong>D\u00eda Internacional contra la Violencia hacia las mujeres<\/strong>, un a\u00f1o m\u00e1s, el BC MoraBanc Andorra y la Secretar\u00eda de Estado de Igualdad y Participaci\u00f3n Ciudadana del Govern de Andorra suman sus fuerzas y vuelven a realizar una acci\u00f3n de manera conjunta, la Campa\u00f1a <strong>\u201cNosotros luchamos contra la violencia hacia las mujeres. \u00bfTe apuntas? #Maipor25N\u201d<\/strong><strong> que pretende dar continuidad a la campa\u00f1a publicitaria que se inici\u00f3 en 2017.<\/p>\n<p>&nbsp;<\/p>\n<p style=\"text-align: justify;\">El objetivo de esta acci\u00f3n conjunta es dar visibilidad a las acciones en torno a la igualdad de g\u00e9nero y la prevenci\u00f3n de la violencia de g\u00e9nero con el fin de sensibilizar sobre esta problem\u00e1tica.<\/p>\n<p>&nbsp;<\/p>\n<p style=\"text-align: justify;\">Este domingo, d\u00eda 17 de noviembre a las 17h, el equipo jugar\u00e1 contra el Unicaja M\u00e1laga en el Pavell\u00f3 de Govern. La camiseta de calentamiento de color lila llevar\u00e1 un logotipo MaiPor25N especial para la ocasi\u00f3n. En el descanso del partido, la escritora y emprendedora Lara de Miguel leer\u00e1 un manifiesto contra la Violencia de g\u00e9nero.<\/p>\n<p>&nbsp;<\/p>\n<p style=\"text-align: justify;\">Como cada edici\u00f3n, las camisetas de calentamiento que llevar\u00e1n los jugadores el domingo, se har\u00e1n firmar por el propio jugador, se subastar\u00e1n en el portal Gol Solidario y la recaudaci\u00f3n ser\u00e1 \u00edntegra por las Asociaciones de Mujeres de Andorra.<\/p>\n","protected":false},"excerpt":{"rendered":"<p>Con motivo del D\u00eda Internacional contra la Violencia hacia las mujeres, un a\u00f1o m\u00e1s, el BC MoraBanc Andorra y la Secretar\u00eda de Estado de Igualdad y Participaci\u00f3n Ciudadana del Govern de Andorra suman sus fuerzas y vuelven a realizar una acci\u00f3n de manera conjunta, la Campa\u00f1a \u201cNosotros luchamos contra la violencia hacia las mujeres. \u00bfTe [&hellip;]<\/p>\n","protected":false},"author":102,"featured_media":36287,"comment_status":"closed","ping_status":"closed","sticky":false,"template":"","format":"standard","meta":{"om_disable_all_campaigns":false,"inline_featured_image":false,"_monsterinsights_skip_tracking":false,"_monsterinsights_sitenote_active":false,"_monsterinsights_sitenote_note":"","_monsterinsights_sitenote_category":0,"_uf_show_specific_survey":0,"_uf_disable_surveys":false,"footnotes":""},"categories":[150,109,98],"tags":[1554,1402],"class_list":["post-36288","post","type-post","status-publish","format-standard","has-post-thumbnail","hentry","category-basquet-club-andorra-es","category-morabanc-andorra-es","category-noticia-es","tag-maipor25n-es","tag-temporada-2024-2025-es"],"aioseo_notices":[],"_links":{"self":[{"href":"https:\/\/www.bca.ad\/es\/wp-json\/wp\/v2\/posts\/36288","targetHints":{"allow":["GET"]}}],"collection":[{"href":"https:\/\/www.bca.ad\/es\/wp-json\/wp\/v2\/posts"}],"about":[{"href":"https:\/\/www.bca.ad\/es\/wp-json\/wp\/v2\/types\/post"}],"author":[{"embeddable":true,"href":"https:\/\/www.bca.ad\/es\/wp-json\/wp\/v2\/users\/102"}],"replies":[{"embeddable":true,"href":"https:\/\/www.bca.ad\/es\/wp-json\/wp\/v2\/comments?post=36288"}],"version-history":[{"count":0,"href":"https:\/\/www.bca.ad\/es\/wp-json\/wp\/v2\/posts\/36288\/revisions"}],"wp:featuredmedia":[{"embeddable":true,"href":"https:\/\/www.bca.ad\/es\/wp-json\/wp\/v2\/media\/36287"}],"wp:attachment":[{"href":"https:\/\/www.bca.ad\/es\/wp-json\/wp\/v2\/media?parent=36288"}],"wp:term":[{"taxonomy":"category","embeddable":true,"href":"https:\/\/www.bca.ad\/es\/wp-json\/wp\/v2\/categories?post=36288"},{"taxonomy":"post_tag","embeddable":true,"href":"https:\/\/www.bca.ad\/es\/wp-json\/wp\/v2\/tags?post=36288"}],"curies":[{"name":"wp","href":"https:\/\/api.w.org\/{rel}","templated":true}]}}