{"id":36616,"date":"2025-01-23T20:20:03","date_gmt":"2025-01-23T19:20:03","guid":{"rendered":"https:\/\/www.bca.ad\/joan-plaza-coge-el-mando-del-morabanc-andorra\/"},"modified":"2025-01-24T11:20:01","modified_gmt":"2025-01-24T10:20:01","slug":"joan-plaza-coge-el-mando-del-morabanc-andorra","status":"publish","type":"post","link":"https:\/\/www.bca.ad\/es\/joan-plaza-coge-el-mando-del-morabanc-andorra\/","title":{"rendered":"Joan Plaza coge el mando del MoraBanc Andorra"},"content":{"rendered":"<p style=\"text-align: justify;\"><strong>El t\u00e9cnico ha sido oficialmente presentado este jueves por la tarde en la sede central de nuestro patrocinador oficial MoraBanc.<\/strong><\/p>\n<p>&nbsp;<\/p>\n<p style=\"text-align: justify;\"><strong>Joan Plaza<\/strong>, junto con la presencia del General M\u00e1nager del club Francesc Solana, ha sido muy claro con su mensaje de ambici\u00f3n en este nuevo reto que afronta como entrenador: <strong>&#8220;Estoy cargado de ilusi\u00f3n y con ganas de hacerlo bien. Vengo a un club y un pa\u00eds serio. Es un reto con palabras mayores, lo quiero vivir en primera persona y vengo a liarla en el sentido positivo<\/strong>&#8220;. Sobre la primera toma de contacto con el equipo en el primer entrenamiento comenta que <strong>&#8220;He visto a los jugadores convencidos de lo que hemos hablado. Lo que quiero es que sean felices jugando y, naturalmente, hemos puesto ya el foco en las cosas que se tienen que mejorar&#8221;<\/strong>. Finalmente, dirige un mensaje claro a la afici\u00f3n: <strong>&#8220;Que vengan preparados y preparadas para sufrir, para empujarnos en los peores momentos que se puedan dar. Venir antes a Andorra era venir a sufrir, no quiero que se vea que jugar aqu\u00ed sea f\u00e1cil, tenemos que crear un peque\u00f1o infierno entre todos juntos. Esto pasa por que nuestra afici\u00f3n se involucre, empuje, est\u00e9 1 hora antes del partido, para que nos aguanten en los peores momentos&#8230; Eso es lo que les pedir\u00eda porque son clave&#8221;<\/strong>.<\/p>\n<p>&nbsp;<\/p>\n<p style=\"text-align: justify;\">Por su parte, <strong>Francesc Solana<\/strong>, para empezar, ha comentado que <strong>&#8220;Iniciar esta etapa del prestigio y talla de Joan Plaza es un paso muy importante que hacemos como club. La din\u00e1mica de juego y de resultados nos ha llevado a tomar esta decisi\u00f3n y a empezar esta etapa con Juan es ilusionante&#8221;<\/strong>. Tambi\u00e9n a\u00f1ade que <strong>&#8220;Ha sido emocionante el hecho de haber llegado hasta \u00e9l y ver su ilusi\u00f3n por poder venir a Andorra, de la visi\u00f3n que tiene de nuestro equipo y en las posibilidades que hay para mejorar, eso ha unido los dos caminos&#8221;<\/strong>. Para finalizar remarca que <strong>&#8220;Esperamos que esta etapa que empezamos hoy sea larga como con todos los entrenadores que vienen aqu\u00ed y que est\u00e9 llena de \u00e9xitos&#8221;<\/strong>.<\/p>\n<p>&nbsp;<br \/>\n<iframe loading=\"lazy\" src=\"https:\/\/www.youtube.com\/embed\/TYB7r0CujG4?si=qck3O2MqSAhW0iWi\" width=\"560\" height=\"315\" frameborder=\"0\" allowfullscreen=\"allowfullscreen\"><\/iframe><\/p>\n","protected":false},"excerpt":{"rendered":"<p>El t\u00e9cnico ha sido oficialmente presentado este jueves por la tarde en la sede central de nuestro patrocinador oficial MoraBanc. &nbsp; Joan Plaza, junto con la presencia del General M\u00e1nager del club Francesc Solana, ha sido muy claro con su mensaje de ambici\u00f3n en este nuevo reto que afronta como entrenador: &#8220;Estoy cargado de ilusi\u00f3n [&hellip;]<\/p>\n","protected":false},"author":102,"featured_media":36614,"comment_status":"closed","ping_status":"closed","sticky":false,"template":"","format":"standard","meta":{"om_disable_all_campaigns":false,"inline_featured_image":false,"_monsterinsights_skip_tracking":false,"_monsterinsights_sitenote_active":false,"_monsterinsights_sitenote_note":"","_monsterinsights_sitenote_category":0,"_uf_show_specific_survey":0,"_uf_disable_surveys":false,"footnotes":""},"categories":[944,150,109,98],"tags":[1574,1214,205,1070,1402],"class_list":["post-36616","post","type-post","status-publish","format-standard","has-post-thumbnail","hentry","category-acb-es","category-basquet-club-andorra-es","category-morabanc-andorra-es","category-noticia-es","tag-joan-plaza-es","tag-morabanc-es-2","tag-morabanc-andorra","tag-presentacion","tag-temporada-2024-2025-es"],"aioseo_notices":[],"_links":{"self":[{"href":"https:\/\/www.bca.ad\/es\/wp-json\/wp\/v2\/posts\/36616","targetHints":{"allow":["GET"]}}],"collection":[{"href":"https:\/\/www.bca.ad\/es\/wp-json\/wp\/v2\/posts"}],"about":[{"href":"https:\/\/www.bca.ad\/es\/wp-json\/wp\/v2\/types\/post"}],"author":[{"embeddable":true,"href":"https:\/\/www.bca.ad\/es\/wp-json\/wp\/v2\/users\/102"}],"replies":[{"embeddable":true,"href":"https:\/\/www.bca.ad\/es\/wp-json\/wp\/v2\/comments?post=36616"}],"version-history":[{"count":0,"href":"https:\/\/www.bca.ad\/es\/wp-json\/wp\/v2\/posts\/36616\/revisions"}],"wp:featuredmedia":[{"embeddable":true,"href":"https:\/\/www.bca.ad\/es\/wp-json\/wp\/v2\/media\/36614"}],"wp:attachment":[{"href":"https:\/\/www.bca.ad\/es\/wp-json\/wp\/v2\/media?parent=36616"}],"wp:term":[{"taxonomy":"category","embeddable":true,"href":"https:\/\/www.bca.ad\/es\/wp-json\/wp\/v2\/categories?post=36616"},{"taxonomy":"post_tag","embeddable":true,"href":"https:\/\/www.bca.ad\/es\/wp-json\/wp\/v2\/tags?post=36616"}],"curies":[{"name":"wp","href":"https:\/\/api.w.org\/{rel}","templated":true}]}}