{"id":37088,"date":"2025-05-09T13:46:19","date_gmt":"2025-05-09T11:46:19","guid":{"rendered":"https:\/\/www.bca.ad\/previa-girona-es-la-hora\/"},"modified":"2025-05-09T13:51:37","modified_gmt":"2025-05-09T11:51:37","slug":"previa-jornada-31-acb-24-25","status":"publish","type":"post","link":"https:\/\/www.bca.ad\/es\/previa-jornada-31-acb-24-25\/","title":{"rendered":"PREVIA GIRONA Es la hora"},"content":{"rendered":"<p style=\"text-align: justify;\"><strong>El MoraBanc Andorra vuelve al Pavell\u00f3 Toni Mart\u00ed para jugar ante el B\u00e0squet Girona este s\u00e1bado a las 19:30 horas, partido correspondiente a la trig\u00e9simo primera jornada de la Liga Endesa.<\/strong><\/p>\n<p> &nbsp;<\/p>\n<p style=\"text-align: justify;\">Volvemos a casa, y lo hacemos con un nuevo duelo directo ante un B\u00e0squet Girona que vendr\u00e1 con ganas de llevarse la victoria y dejar casi certificada su salvaci\u00f3n en la Liga Endesa. Dos equipos y un objetivo com\u00fan. Un objetivo que tenemos m\u00e1s cerca y que se puede certificar este mismo s\u00e1bado en caso de superar a los gerundenses. Un pu\u00f1ado de meses ya han pasado desde la importante victoria de los tricolores en Fontajau (85-98), y todo ha cambiado much\u00edsimo. Ese mismo partido fue el antes y despu\u00e9s para un B\u00e0squet Girona que incorpor\u00f3 a Moncho Fern\u00e1ndez al banquillo. El t\u00e9cnico gallego, junto con una serie de incorporaciones y bajas en el roster, lider\u00f3 una notable reacci\u00f3n ganando a rivales de mucha entidad y sacar al equipo de las posiciones de abajo. En cuanto a los nuestros, el MoraBanc Andorra intentar\u00e1 acercarse lo m\u00e1ximo posible a la versi\u00f3n que mostraron contra un Hiopos Lleida que tambi\u00e9n ven\u00eda necesitado. La afici\u00f3n de la Bombonera fue clave, demostrando una vez m\u00e1s su peso en cuanto a la energ\u00eda y \u00e1nimo del equipo en la pista.<\/p>\n<p>&nbsp;<\/p>\n<p style=\"text-align: justify;\"><strong>&#8220;A pesar de no tener mucho acierto en momentos puntuales, no dejamos de luchar ante un gran equipo como Unicaja&#8221;<\/strong> declara <strong>Jerrick Harding<\/strong> sobre el \u00faltimo partido. Sobre el pr\u00f3ximo partido, el escolta tricolor comenta que <strong>&#8220;El vestuario tiene ambici\u00f3n, pero tenemos que ir partido a partido, empezando por hacer un gran trabajo ante nuestra gente y alcanzar el primer objetivo de la temporada&#8221;<\/strong>. Para finalizar, el americano a\u00f1ade que <strong>&#8220;En el \u00faltimo partido en casa hicimos un gran partido y la afici\u00f3n estuvo excelente, tenemos que aplicar el mismo concepto para este nuevo reto&#8221;<\/strong>.<\/p>\n<p>&nbsp;<\/p>\n<p style=\"text-align: justify;\"><strong>&#8220;Ma\u00f1ana tenemos una oportunidad que nos hemos ganado todos. Queremos que todo el mundo sea consciente de ello y que el pabell\u00f3n sea un infierno&#8221;<\/strong> declara el t\u00e9cnico del MoraBanc Andorra <strong>Joan Plaza<\/strong>. El entrenador tricolor, centrado el pr\u00f3ximo rival, comenta que <strong>&#8220;Es un buen equipo y bien entrenado que ha tenido varios refuerzos. Destacar\u00eda por sobre los jugadores que vienen de banquillo, ya que les dan un plus de intensidad que tendremos que igualar si no queremos perder&#8221;<\/strong>. Plaza finaliza diciendo que <strong>&#8220;Tenemos que salir como motos y bien centrados. El 70% de la liga hemos estado luchando en la parte baja. Por lo tanto, no nos podemos permitir no salir al m\u00e1ximo&#8221;<\/strong>.<\/p>\n<p>&nbsp;<br \/>\n<iframe loading=\"lazy\" src=\"https:\/\/www.youtube.com\/embed\/ZA25ObUN69k?si=QtRVAsqtIiyIZ8sP\" width=\"560\" height=\"315\" frameborder=\"0\" allowfullscreen=\"allowfullscreen\"><\/iframe><br \/>\n&nbsp;<\/p>\n<p style=\"text-align: justify;\">El partido se podr\u00e1 ver en directo por Movistar Deportes 4 \/ Dial 294 Andorra Telecom y con la locuci\u00f3n de RTVA.<\/p>\n","protected":false},"excerpt":{"rendered":"<p>El MoraBanc Andorra vuelve al Pavell\u00f3 Toni Mart\u00ed para jugar ante el B\u00e0squet Girona este s\u00e1bado a las 19:30 horas, partido correspondiente a la trig\u00e9simo primera jornada de la Liga Endesa. &nbsp; Volvemos a casa, y lo hacemos con un nuevo duelo directo ante un B\u00e0squet Girona que vendr\u00e1 con ganas de llevarse la victoria [&hellip;]<\/p>\n","protected":false},"author":102,"featured_media":37087,"comment_status":"closed","ping_status":"closed","sticky":false,"template":"","format":"standard","meta":{"om_disable_all_campaigns":false,"inline_featured_image":false,"_monsterinsights_skip_tracking":false,"_monsterinsights_sitenote_active":false,"_monsterinsights_sitenote_note":"","_monsterinsights_sitenote_category":0,"_uf_show_specific_survey":0,"_uf_disable_surveys":false,"footnotes":""},"categories":[944,150,109,98],"tags":[1037,1166,1126,782,1372,1177,205,1572,1152,1402],"class_list":["post-37088","post","type-post","status-publish","format-standard","has-post-thumbnail","hentry","category-acb-es","category-basquet-club-andorra-es","category-morabanc-andorra-es","category-noticia-es","tag-acb-es-2","tag-andorra-la-vella-es-2","tag-basquet-girona-es","tag-bombonera-es","tag-jornada-31-es","tag-lliga-endesa-es-2","tag-morabanc-andorra","tag-pavello-toni-marti-es","tag-previa-es","tag-temporada-2024-2025-es"],"aioseo_notices":[],"_links":{"self":[{"href":"https:\/\/www.bca.ad\/es\/wp-json\/wp\/v2\/posts\/37088","targetHints":{"allow":["GET"]}}],"collection":[{"href":"https:\/\/www.bca.ad\/es\/wp-json\/wp\/v2\/posts"}],"about":[{"href":"https:\/\/www.bca.ad\/es\/wp-json\/wp\/v2\/types\/post"}],"author":[{"embeddable":true,"href":"https:\/\/www.bca.ad\/es\/wp-json\/wp\/v2\/users\/102"}],"replies":[{"embeddable":true,"href":"https:\/\/www.bca.ad\/es\/wp-json\/wp\/v2\/comments?post=37088"}],"version-history":[{"count":0,"href":"https:\/\/www.bca.ad\/es\/wp-json\/wp\/v2\/posts\/37088\/revisions"}],"wp:featuredmedia":[{"embeddable":true,"href":"https:\/\/www.bca.ad\/es\/wp-json\/wp\/v2\/media\/37087"}],"wp:attachment":[{"href":"https:\/\/www.bca.ad\/es\/wp-json\/wp\/v2\/media?parent=37088"}],"wp:term":[{"taxonomy":"category","embeddable":true,"href":"https:\/\/www.bca.ad\/es\/wp-json\/wp\/v2\/categories?post=37088"},{"taxonomy":"post_tag","embeddable":true,"href":"https:\/\/www.bca.ad\/es\/wp-json\/wp\/v2\/tags?post=37088"}],"curies":[{"name":"wp","href":"https:\/\/api.w.org\/{rel}","templated":true}]}}