{"id":37569,"date":"2025-09-02T10:14:35","date_gmt":"2025-09-02T08:14:35","guid":{"rendered":"https:\/\/www.bca.ad\/gracies-capita\/"},"modified":"2025-09-02T10:37:01","modified_gmt":"2025-09-02T08:37:01","slug":"agradecimiento-nacho-llovet","status":"publish","type":"post","link":"https:\/\/www.bca.ad\/es\/agradecimiento-nacho-llovet\/","title":{"rendered":"\u201cGr\u00e0cies, Capit\u00e0!\u201d"},"content":{"rendered":"<p style=\"text-align: justify;\"><strong>Nacho Llovet cierra su etapa como jugador del BC MoraBanc Andorra despu\u00e9s de seis temporadas defendiendo la camiseta tricolor.<\/strong><\/p>\n<p>&nbsp;<\/p>\n<p style=\"text-align: justify;\">221 partidos en total y segundo jugador con m\u00e1s partidos de la historia del club en la Liga Endesa. Llovet tuvo un papel importante en el \u00faltimo ascenso y ha formado parte de unas \u00faltimas temporadas donde el club lleg\u00f3 a disputar unas semifinales de EuroCup y las de la Copa del Rey 2020 en M\u00e1laga.<\/p>\n<p>&nbsp;<\/p>\n<p style=\"text-align: justify;\">El hasta ahora capit\u00e1n del equipo, ha querido despedirse con estas palabras:<\/p>\n<p>&nbsp;<\/p>\n<p style=\"text-align: justify;\"><strong>&#8220;Andorranos y andorranas, hoy me toca escribir unas palabras que nunca habr\u00eda querido escribir. Despu\u00e9s de seis temporadas, me entristece tener que comunicaros que esta nueva temporada no continuar\u00e9 en este club que tanto me gusta.<br \/>\n&nbsp;<br \/>\nMe hubiera gustado poder seguir defendiendo esta camiseta, pero los caminos del deporte son as\u00ed y, a veces, nos fuerzan a hacer cambios para seguir avanzando.<br \/>\n&nbsp;<br \/>\nQuiero dar las gracias al club por confiar en m\u00ed y abrirme las puertas de este precioso rinc\u00f3n del Pirineo, que desde el primer d\u00eda me sent\u00ed como en casa y donde he tenido la posibilidad de competir al m\u00e1s alto nivel por toda Europa. Gracias tambi\u00e9n a los compa\u00f1eros, a los jugadores y staff, que he compartido tantas horas, viajes y experiencias que nunca olvidar\u00e9 y con quien siempre me he sentido tan cuidado. Pero, sobre todo, gracias a vosotros, la afici\u00f3n. La Bombonera ha sido y ser\u00e1 siempre el alma de este equipo. Hemos vivido juntos momentos incre\u00edbles, desde las semifinales de la Copa y de la EuroCup hasta el momento m\u00e1s duro y triste, el descenso. Ese d\u00eda fue muy doloroso, pero tambi\u00e9n fue el primer paso para reforzar el v\u00ednculo entre el club y la afici\u00f3n. En ese momento arriesgu\u00e9 y decid\u00ed quedarme, apostar por el club en su momento m\u00e1s delicado y defender este escudo que me he sentido m\u00edo. Fue la mejor decisi\u00f3n que he podido tomar nunca. De aquel dolor naci\u00f3 uno de los instantes m\u00e1s especiales e inolvidables de mi vida, levantar la copa de campeones que certificaba la vuelta a la ACB, en la Bombonera, todos juntos, la afici\u00f3n y el equipo unidos.<br \/>\n&nbsp;<br \/>\nMe habr\u00eda gustado despedirme en la pista, pero, desgraciadamente, mi \u00faltima lesi\u00f3n no me lo ha permitido. Aun as\u00ed, cuando pienso en la Bombonera, s\u00f3lo me sale una palabra: Gracias. Andorra me ha dado mucho m\u00e1s de lo que yo nunca me hubiera podido imaginar. Me quedo unos recuerdos que me acompa\u00f1ar\u00e1n siempre, con el orgullo de haber defendido este escudo como capit\u00e1n y con el aprecio de este pa\u00eds, al que s\u00e9 que seguir\u00e9 volviendo. De todo coraz\u00f3n, gracias por estos seis a\u00f1os inolvidables. Mai Por!&#8221;<\/strong>.<\/p>\n<p>&nbsp;<br \/>\n<iframe loading=\"lazy\" src=\"https:\/\/www.youtube.com\/embed\/_RK-fRmq3mA?si=q7XB5evsjGUh5vpT\" width=\"560\" height=\"315\" frameborder=\"0\" allowfullscreen=\"allowfullscreen\"><\/iframe><\/p>\n","protected":false},"excerpt":{"rendered":"<p>Nacho Llovet cierra su etapa como jugador del BC MoraBanc Andorra despu\u00e9s de seis temporadas defendiendo la camiseta tricolor. &nbsp; 221 partidos en total y segundo jugador con m\u00e1s partidos de la historia del club en la Liga Endesa. Llovet tuvo un papel importante en el \u00faltimo ascenso y ha formado parte de unas \u00faltimas [&hellip;]<\/p>\n","protected":false},"author":102,"featured_media":37568,"comment_status":"closed","ping_status":"closed","sticky":false,"template":"","format":"standard","meta":{"om_disable_all_campaigns":false,"inline_featured_image":false,"_monsterinsights_skip_tracking":false,"_monsterinsights_sitenote_active":false,"_monsterinsights_sitenote_note":"","_monsterinsights_sitenote_category":0,"_uf_show_specific_survey":0,"_uf_disable_surveys":false,"footnotes":""},"categories":[944,150,109,98],"tags":[1429,1558,1632],"class_list":["post-37569","post","type-post","status-publish","format-standard","has-post-thumbnail","hentry","category-acb-es","category-basquet-club-andorra-es","category-morabanc-andorra-es","category-noticia-es","tag-baja","tag-nacho-llovet-es","tag-temporada-2025-2026-es"],"aioseo_notices":[],"_links":{"self":[{"href":"https:\/\/www.bca.ad\/es\/wp-json\/wp\/v2\/posts\/37569","targetHints":{"allow":["GET"]}}],"collection":[{"href":"https:\/\/www.bca.ad\/es\/wp-json\/wp\/v2\/posts"}],"about":[{"href":"https:\/\/www.bca.ad\/es\/wp-json\/wp\/v2\/types\/post"}],"author":[{"embeddable":true,"href":"https:\/\/www.bca.ad\/es\/wp-json\/wp\/v2\/users\/102"}],"replies":[{"embeddable":true,"href":"https:\/\/www.bca.ad\/es\/wp-json\/wp\/v2\/comments?post=37569"}],"version-history":[{"count":0,"href":"https:\/\/www.bca.ad\/es\/wp-json\/wp\/v2\/posts\/37569\/revisions"}],"wp:featuredmedia":[{"embeddable":true,"href":"https:\/\/www.bca.ad\/es\/wp-json\/wp\/v2\/media\/37568"}],"wp:attachment":[{"href":"https:\/\/www.bca.ad\/es\/wp-json\/wp\/v2\/media?parent=37569"}],"wp:term":[{"taxonomy":"category","embeddable":true,"href":"https:\/\/www.bca.ad\/es\/wp-json\/wp\/v2\/categories?post=37569"},{"taxonomy":"post_tag","embeddable":true,"href":"https:\/\/www.bca.ad\/es\/wp-json\/wp\/v2\/tags?post=37569"}],"curies":[{"name":"wp","href":"https:\/\/api.w.org\/{rel}","templated":true}]}}