{"id":37577,"date":"2025-09-02T18:30:03","date_gmt":"2025-09-02T16:30:03","guid":{"rendered":"https:\/\/www.bca.ad\/?p=37577"},"modified":"2025-09-03T15:05:40","modified_gmt":"2025-09-03T13:05:40","slug":"presentacio-vii-trofeu-encamp","status":"publish","type":"post","link":"https:\/\/www.bca.ad\/es\/presentacio-vii-trofeu-encamp\/","title":{"rendered":"El Com\u00fa d\u2019Encamp i el BC MoraBanc Andorra enceten la temporada amb el VII Trofeu Encamp i un nou conveni"},"content":{"rendered":"<p style=\"text-align: justify;\"><strong>Encamp, 2 de setembre del  2025.-<\/strong> El Com\u00fa d\u2019Encamp ha presentat aquesta tarda el VII Trofeu d\u2019Encamp, una cita esportiva de refer\u00e8ncia a la parr\u00f2quia, que se celebrar\u00e0 els dies 8 i 10 de setembre al Complex Esportiu i Sociocultural d\u2019Encamp.<\/p>\n<p>&nbsp;<\/p>\n<p style=\"text-align: justify;\">El torneig comptar\u00e0 amb dos partits protagonitzats per equips d\u2019alt nivell com s\u00f3n el BC MoraBanc Andorra i el Paris Basketball, que jugaran el 8 de setembre a les 19 hores, i el Toulouse Metropole i l\u2019Spar Girona, que es disputar\u00e0 el 10 de setembre a la mateixa hora. A m\u00e9s, el dia 6 de setembre hi haur\u00e0 el duel d\u2019Eurolliga entre l\u2019FC Barcelona i el Paris Basket, com a pr\u00e8via del VII Trofeu d\u2019Encamp.<\/p>\n<p>&nbsp;<\/p>\n<p style=\"text-align: justify;\">El c\u00f2nsol menor, <strong>Xavier Fern\u00e0ndez<\/strong>, acompanyat del conseller d\u2019Esports del Com\u00fa d\u2019Encamp, <strong>Nino Marot<\/strong>, i el president del BC MoraBanc Andorra, <strong>Gorka Aix\u00e0s<\/strong>, ha explicat que <strong>\u201carriba un cap de setmana amb molt bon b\u00e0squet\u201d<\/strong> i ha remarcat que <strong>\u201c\u00e9s la cirereta del past\u00eds de la feina que portem fent des de fa any perqu\u00e8 clubs de renom s\u2019interessin per les nostres instal\u00b7lacions, principalment al Pas de la Casa a m\u00e9s de 2.000 metres\u201d<\/strong> i ha recordat altres equips que han vingut de la part francesa, i  ha mostrat una gran satisfacci\u00f3 per <strong>\u201cla renovaci\u00f3 del conveni amb el BC Morabanc Andorra\u201d<\/strong>.<\/p>\n<p>&nbsp;<\/p>\n<p style=\"text-align: justify;\">El conseller d\u2019Esports, Nino Marot, ha posat \u00e8mfasi en el fet que <strong>\u201cEncamp es una vegada m\u00e9s vila esportiva gr\u00e0cies tamb\u00e9 a la continu\u00eftat del conveni\u201d<\/strong> de col\u00b7laboraci\u00f3 que mantenen el Com\u00fa d\u2019Encamp i el BC MoraBanc Andorra i el qual es renova per aquesta propera temporada.<\/p>\n<p>&nbsp;<\/p>\n<p style=\"text-align: justify;\"><strong>Marot<\/strong> ha agra\u00eft la predisposici\u00f3 del club de b\u00e0squet per seguir fomentant l\u2019esport de qualitat a la parr\u00f2quia d\u2019Encamp. Marot, ha recordat que el conveni inclou diverses accions promocionals per visualitzar la parr\u00f2quia durant la temporada, aix\u00ed com l\u2019organitzaci\u00f3 del campus d\u2019estiu a la parr\u00f2quia, que suposa una nova activitat esportiva per a infants i joves.<\/p>\n<p>&nbsp;<\/p>\n<p style=\"text-align: justify;\"><strong>Marot<\/strong> ha recordat les inversions realitzades recentment al Centre esportiu del Pas de la Casa, on per exemple s\u2019ha canviat el parquet i les cistelles de la pista polivalent, que permetr\u00e0 a tots els equips gaudir d\u2019una instal\u00b7laci\u00f3 renovada i m\u00e9s adequada per als clubs de la parr\u00f2quia que ja l\u2019han estrenat i per a les estades.<\/p>\n<p>&nbsp;<\/p>\n<p style=\"text-align: justify;\">Per la seva banda, el president del MoraBanc Andorra, <strong>Gorka Aix\u00e0s<\/strong>, ha subratllat que <strong>\u201cels tres dies al Pas de la Casa ens aniran molt b\u00e9 per preparar la temporada i crear les bases del que ser\u00e0 l\u2019any i a m\u00e9s jugar amb rivals de luxe i amb causes ben\u00e8fiques. Esperant que tothom s\u2019animi a venir sent el primer partit de la temporada\u201d<\/strong>. <strong>Aix\u00e0s<\/strong> ha reiterat l\u2019agra\u00efment per la traject\u00f2ria i el comprom\u00eds del com\u00fa d\u2019Encamp.<\/p>\n<p>&nbsp;<br \/>\n&nbsp;<\/p>\n<h3>Entrades amb una finalitat solid\u00e0ria<\/h3>\n<p>&nbsp;<\/p>\n<p style=\"text-align: justify;\">Les entrades estan a la venda al web <a href=\"http:\/\/www.comuencamp.ad\/vendaentrades\" rel=\"noopener\" target=\"_blank\"><strong>www.comuencamp.ad\/vendaentrades<\/strong><\/a> a un preu de 10,30 euros. Com en les darreres edicions, els menors de 12 anys hi tenen acc\u00e9s gratu\u00eft sempre que l\u2019adquireixin pr\u00e8viament. Per als partits Bar\u00e7a \u2013 Paris Basketball i Toulouse Basketball Club \u2013 Spar Girona, les entrades gratu\u00eftes per a menors de 12 anys es poden obtenir directament a trav\u00e9s de la mateixa plataforma web. Per al partit BC MoraBanc Andorra \u2013 Paris Basketball, les entrades per a menors d&#8217;edat s&#8217;hauran de sol\u00b7licitar a <strong>secretaria@bca.ad<\/strong>.<\/p>\n<p>&nbsp;<\/p>\n<p style=\"text-align: justify;\">Un any m\u00e9s, tota la recaptaci\u00f3 es destinar\u00e0 \u00edntegrament a C\u00e0ritas Encamp, que invertir\u00e0 els fons en projectes solidaris a la parr\u00f2quia.<\/p>\n","protected":false},"excerpt":{"rendered":"<p>Encamp, 2 de setembre del 2025.- El Com\u00fa d\u2019Encamp ha presentat aquesta tarda el VII Trofeu d\u2019Encamp, una cita esportiva de refer\u00e8ncia a la parr\u00f2quia, que se celebrar\u00e0 els dies 8 i 10 de setembre al Complex Esportiu i Sociocultural d\u2019Encamp. &nbsp; El torneig comptar\u00e0 amb dos partits protagonitzats per equips d\u2019alt nivell com s\u00f3n [&hellip;]<\/p>\n","protected":false},"author":102,"featured_media":37580,"comment_status":"closed","ping_status":"closed","sticky":false,"template":"","format":"standard","meta":{"om_disable_all_campaigns":false,"inline_featured_image":false,"_monsterinsights_skip_tracking":false,"_monsterinsights_sitenote_active":false,"_monsterinsights_sitenote_note":"","_monsterinsights_sitenote_category":0,"_uf_show_specific_survey":0,"_uf_disable_surveys":false,"footnotes":""},"categories":[943,65,67,1],"tags":[1086,1374,1629,1652],"class_list":["post-37577","post","type-post","status-publish","format-standard","has-post-thumbnail","hentry","category-acb","category-basquet-club-andorra","category-morabanc-andorra","category-noticia","tag-comu-dencamp","tag-conveni","tag-temporada-2025-2026","tag-vii-trofeu-dencamp"],"aioseo_notices":[],"_links":{"self":[{"href":"https:\/\/www.bca.ad\/es\/wp-json\/wp\/v2\/posts\/37577","targetHints":{"allow":["GET"]}}],"collection":[{"href":"https:\/\/www.bca.ad\/es\/wp-json\/wp\/v2\/posts"}],"about":[{"href":"https:\/\/www.bca.ad\/es\/wp-json\/wp\/v2\/types\/post"}],"author":[{"embeddable":true,"href":"https:\/\/www.bca.ad\/es\/wp-json\/wp\/v2\/users\/102"}],"replies":[{"embeddable":true,"href":"https:\/\/www.bca.ad\/es\/wp-json\/wp\/v2\/comments?post=37577"}],"version-history":[{"count":0,"href":"https:\/\/www.bca.ad\/es\/wp-json\/wp\/v2\/posts\/37577\/revisions"}],"wp:featuredmedia":[{"embeddable":true,"href":"https:\/\/www.bca.ad\/es\/wp-json\/wp\/v2\/media\/37580"}],"wp:attachment":[{"href":"https:\/\/www.bca.ad\/es\/wp-json\/wp\/v2\/media?parent=37577"}],"wp:term":[{"taxonomy":"category","embeddable":true,"href":"https:\/\/www.bca.ad\/es\/wp-json\/wp\/v2\/categories?post=37577"},{"taxonomy":"post_tag","embeddable":true,"href":"https:\/\/www.bca.ad\/es\/wp-json\/wp\/v2\/tags?post=37577"}],"curies":[{"name":"wp","href":"https:\/\/api.w.org\/{rel}","templated":true}]}}