{"id":37824,"date":"2025-09-09T20:29:03","date_gmt":"2025-09-09T18:29:03","guid":{"rendered":"https:\/\/www.bca.ad\/yves-pons-experiencia-y-energia-para-el-morabanc-andorra\/"},"modified":"2025-09-10T18:50:16","modified_gmt":"2025-09-10T16:50:16","slug":"presentacion-yves-pons-25-26","status":"publish","type":"post","link":"https:\/\/www.bca.ad\/es\/presentacion-yves-pons-25-26\/","title":{"rendered":"Yves Pons, experiencia y energ\u00eda para el MoraBanc Andorra"},"content":{"rendered":"<p style=\"text-align: justify;\"><strong>El MoraBanc Andorra ha vivido este martes una nueva jornada de presentaci\u00f3n, esta vez con Yves Pons como protagonista. El acto ha tenido lugar en el antiguo edificio de Radio Andorra, un escenario lleno de simbolismo e historia que ha vuelto a acoger un evento de club.<\/strong><\/p>\n<p>&nbsp;<\/p>\n<p style=\"text-align: justify;\">El primero en tomar la palabra ha sido el <strong>ministro de Turismo y Comercio<\/strong>, <strong>Jordi Torres<\/strong>, que ha destacado el v\u00ednculo entre el Gobierno y el BC MoraBanc Andorra: <em>&#8220;La cohesi\u00f3n, esa simbiosis tan perfecta que hay entre la afici\u00f3n, el BC MoraBanc Andorra y su directiva hace que sea un club que todos llevamos en el coraz\u00f3n. Es un orgullo poder sufrir conjuntamente, a\u00f1o tras a\u00f1o, y celebrar juntos cuando conseguimos los objetivos que nos proponemos. Seguir compitiendo en la Liga Endesa, naturalmente, nos ayuda a posicionarnos para que la gente nos tenga como un referente deportivo, gracias al baloncesto y tambi\u00e9n a las otras disciplinas deportivas&#8221;<\/em>.<\/p>\n<p>&nbsp;<\/p>\n<p style=\"text-align: justify;\">Seguidamente, el <strong>presidente del BC MoraBanc Andorra<\/strong>, <strong>Gorka Aix\u00e0s<\/strong>, ha subrayado la importancia del apoyo institucional: <em>&#8220;Siempre es un placer venir al antiguo edificio de Radio Andorra, es magn\u00edfico poder disfrutar de este espacio. Quiero agradecer, como siempre, un apoyo que va mucho m\u00e1s all\u00e1 de un retorno tur\u00edstico. Gracias por entender tan bien lo que representa el BC MoraBanc Andorra para el pa\u00eds. Por la relaci\u00f3n que tenemos a nivel institucional pero tambi\u00e9n en el \u00e1mbito personal entre ambas entidades. Esto es clave para poder contar con este apoyo incondicional a\u00f1o tras a\u00f1o. Tenemos el deber de hacer que toda la gente que venga al Pavell\u00f3 Toni Mart\u00ed disfrute de la identidad y lucha del equipo, no solo de las victorias. Yves Pons encaja claramente con ello, puede conectar muy bien con el p\u00fablico gracias a sus cualidades y ya lo est\u00e1 demostrando en estos primeros partidos&#8221;<\/em>.<\/p>\n<p>&nbsp;<\/p>\n<p style=\"text-align: justify;\">A continuaci\u00f3n, ha sido el turno del <strong>General Manager<\/strong>, <strong>Francesc Solana<\/strong>, que ha puesto \u00e9nfasis en las cualidades del fichaje: <em>&#8220;Con Yves Pons hemos encontrado el perfil de jugador atl\u00e9tico y con experiencia en la liga que est\u00e1bamos buscando. Tanto por \u00e9l, como por Artem y por Rub\u00e9n, contamos con jugadores interiores que ya saben lo que es jugar la Liga Endesa. Nos emociona su capacidad atl\u00e9tica para cubrir varias posiciones, su polivalencia nos ir\u00e1 muy bien. Para \u00e9l, venir a Andorra y jugar una nueva temporada en la ACB es una gran oportunidad&#8221;<\/em>.<\/p>\n<p>&nbsp;<\/p>\n<p style=\"text-align: justify;\">Finalmente, el propio <strong>Yves Pons<\/strong> ha compartido sus primeras impresiones como jugador del MoraBanc Andorra: <em>&#8220;Francamente, tengo muy buenas sensaciones desde que he llegado. El ambiente es magn\u00edfico y el entorno excepcional. Ha superado todas mis expectativas. Desde un punto de vista baloncest\u00edstico, estoy muy contento de formar parte de este equipo. Tenemos jugadores de buen nivel y que son buenas personas, y entrenadores que son muy especiales. Venir a Andorra para m\u00ed es una gran oportunidad&#8221;<\/em>.<\/p>\n<p>&nbsp;<\/p>\n<p style=\"text-align: justify;\">Con esta, se da por finalizada la ronda de presentaciones de las caras nuevas del MoraBanc Andorra para esta temporada 2025\/2026.<\/p>\n<p>&nbsp;<br \/>\n<iframe loading=\"lazy\" src=\"https:\/\/www.youtube.com\/embed\/mgQi0I3vtD0?si=ryq_nO8uLm22-5uv\" width=\"560\" height=\"315\" frameborder=\"0\" allowfullscreen=\"allowfullscreen\"><\/iframe><\/p>\n","protected":false},"excerpt":{"rendered":"<p>El MoraBanc Andorra ha vivido este martes una nueva jornada de presentaci\u00f3n, esta vez con Yves Pons como protagonista. El acto ha tenido lugar en el antiguo edificio de Radio Andorra, un escenario lleno de simbolismo e historia que ha vuelto a acoger un evento de club. &nbsp; El primero en tomar la palabra ha [&hellip;]<\/p>\n","protected":false},"author":102,"featured_media":37823,"comment_status":"closed","ping_status":"closed","sticky":false,"template":"","format":"standard","meta":{"om_disable_all_campaigns":false,"inline_featured_image":false,"_monsterinsights_skip_tracking":false,"_monsterinsights_sitenote_active":false,"_monsterinsights_sitenote_note":"","_monsterinsights_sitenote_category":0,"_uf_show_specific_survey":0,"_uf_disable_surveys":false,"footnotes":""},"categories":[944,150,109,98],"tags":[1096,1660,521,1070,1632,1644],"class_list":["post-37824","post","type-post","status-publish","format-standard","has-post-thumbnail","hentry","category-acb-es","category-basquet-club-andorra-es","category-morabanc-andorra-es","category-noticia-es","tag-andorra-turisme-es","tag-antic-edifici-radio-andorra-es","tag-morabanc-andorra-es2","tag-presentacion","tag-temporada-2025-2026-es","tag-yves-pons-es"],"aioseo_notices":[],"_links":{"self":[{"href":"https:\/\/www.bca.ad\/es\/wp-json\/wp\/v2\/posts\/37824","targetHints":{"allow":["GET"]}}],"collection":[{"href":"https:\/\/www.bca.ad\/es\/wp-json\/wp\/v2\/posts"}],"about":[{"href":"https:\/\/www.bca.ad\/es\/wp-json\/wp\/v2\/types\/post"}],"author":[{"embeddable":true,"href":"https:\/\/www.bca.ad\/es\/wp-json\/wp\/v2\/users\/102"}],"replies":[{"embeddable":true,"href":"https:\/\/www.bca.ad\/es\/wp-json\/wp\/v2\/comments?post=37824"}],"version-history":[{"count":0,"href":"https:\/\/www.bca.ad\/es\/wp-json\/wp\/v2\/posts\/37824\/revisions"}],"wp:featuredmedia":[{"embeddable":true,"href":"https:\/\/www.bca.ad\/es\/wp-json\/wp\/v2\/media\/37823"}],"wp:attachment":[{"href":"https:\/\/www.bca.ad\/es\/wp-json\/wp\/v2\/media?parent=37824"}],"wp:term":[{"taxonomy":"category","embeddable":true,"href":"https:\/\/www.bca.ad\/es\/wp-json\/wp\/v2\/categories?post=37824"},{"taxonomy":"post_tag","embeddable":true,"href":"https:\/\/www.bca.ad\/es\/wp-json\/wp\/v2\/tags?post=37824"}],"curies":[{"name":"wp","href":"https:\/\/api.w.org\/{rel}","templated":true}]}}