{"id":37855,"date":"2025-09-10T19:45:10","date_gmt":"2025-09-10T17:45:10","guid":{"rendered":"https:\/\/www.bca.ad\/solidaridad-y-baloncesto-de-nivel-en-el-8o-trofeu-de-escaldes-engordany\/"},"modified":"2025-09-12T17:27:54","modified_gmt":"2025-09-12T15:27:54","slug":"solidaridad-y-baloncesto-de-nivel-en-el-8o-trofeu-de-escaldes-engordany","status":"publish","type":"post","link":"https:\/\/www.bca.ad\/es\/solidaridad-y-baloncesto-de-nivel-en-el-8o-trofeu-de-escaldes-engordany\/","title":{"rendered":"Solidaridad y baloncesto de nivel en el 8\u00ba Trofeu de Escaldes-Engordany"},"content":{"rendered":"<p>El Prat Gran volver\u00e1 a ser el escenario de uno de los cl\u00e1sicos de la pretemporada, el Trofeu de B\u00e0squet de Escaldes-Engordany, que este a\u00f1o llega a su 8\u00aa edici\u00f3n. El partido tendr\u00e1 lugar el s\u00e1bado 13 de septiembre a las 19:30 horas y enfrentar\u00e1 al BC MoraBanc Andorra y al Hiopos Lleida.<\/p>\n<p>El acto de presentaci\u00f3n del trofeo se ha llevado a cabo este mismo martes en la sala del Com\u00fan de Escaldes-Engordany. Ha comparecido Gorka Aix\u00e0s, presidente del BC MoraBanc Andorra, el c\u00f3nsul menor Quim Dolsa y Laura L\u00f3pez, consejera de Deportes.<\/p>\n<p>Durante la presentaci\u00f3n, el c\u00f3nsul menor del Com\u00fa d&#8217;Escaldes-Engordany Quim Dolsa ha remarcado &#8220;el esp\u00edritu social tan importante que tiene el BC MoraBanc Andorra&#8221;, poniendo \u00e9nfasis en que &#8220;hay una gran capacidad para formar jugadores y personas con una base muy fuerte&#8221;. Dolsa ha valorado su v\u00ednculo m\u00e1s cercano con el equipo de capacidades especiales, al que &#8220;seguiremos siendo los patrocinadores y jugar\u00e1n sus partidos en el Pabell\u00f3n del Prado Grande&#8221;. Para finalizar, el c\u00f3nsul menor ha dicho que &#8220;Por todo este trabajo que se hace desde el club, nosotros siempre estaremos&#8221;.<\/p>\n<p>Acto seguido ha cogido el turno de palabra la consejera de deportes Laura L\u00f3pez, ha destacado que este partido &#8220;sirve para ver baloncesto de m\u00e1ximo nivel, pero tambi\u00e9n para hacer valer una vertiente solidaria muy importante&#8221;. Poniendo en valor la \u00faltima edici\u00f3n, apunta que &#8220;En el a\u00f1o 2024 se dio la recaudaci\u00f3n de 5.580 \u20ac a Proyecto Vida&#8221; y confirma que la asociaci\u00f3n escogida para este a\u00f1o es la Asociaci\u00f3n de Familiares para la Salud Mental en Andorra (AFMMA). Para concluir, la consejera de Deportes ha reconocido nuevamente al BC MoraBanc Andorra por &#8220;esta iniciativa que a\u00f1o tras a\u00f1o podamos gestionar juntos&#8221;.<\/p>\n<p>Por su parte, el presidente del BC MoraBanc Andorra, Gorka Aix\u00e0s, ha subrayado que &#8220;este v\u00ednculo que tenemos con el com\u00fan y este trofeo es el que da sentido a lo que queremos representar desde el club&#8221;. Aix\u00e0s ha apuntado que el club es mucho m\u00e1s que el primer equipo, aunque este sea &#8220;la locomotora&#8221; de un tren donde est\u00e1 toda la base y la parte de responsabilidad social corporativa. El presidente del club ha animado a todo el mundo &#8220;quien pueda venir al partido con su entrada o bien aportando a la fila 0 para ayudar a la causa y disfrutar de todo un derbi de ACB&#8221;.<\/p>\n<p>El Trofeo forma parte del convenio de colaboraci\u00f3n entre el Com\u00fa d&#8217;Escaldes-Engordany y el MoraBanc Andorra, que tiene como objetivo promocionar el club a la m\u00e1xima categor\u00eda y, al mismo tiempo, reforzar la vertiente social del proyecto. Una muestra de este compromiso es que el Com\u00fan contin\u00faa apoyando al equipo de capacidades especiales de la entidad, que lleva con orgullo el nombre de la parroquia.<\/p>\n<p>Las entradas tienen un precio de 15 euros y se pueden adquirir a trav\u00e9s de la web del club (www.bca.ad). La recaudaci\u00f3n \u00edntegra se destinar\u00e1 a beneficio de la Asociaci\u00f3n de Familiares para la Salud Mental en Andorra (AFMMA), reforzando as\u00ed la vertiente social de este evento deportivo.<\/p>\n","protected":false},"excerpt":{"rendered":"<p>El Prat Gran volver\u00e1 a ser el escenario de uno de los cl\u00e1sicos de la pretemporada, el Trofeu de B\u00e0squet de Escaldes-Engordany, que este a\u00f1o llega a su 8\u00aa edici\u00f3n. El partido tendr\u00e1 lugar el s\u00e1bado 13 de septiembre a las 19:30 horas y enfrentar\u00e1 al BC MoraBanc Andorra y al Hiopos Lleida. El acto [&hellip;]<\/p>\n","protected":false},"author":102,"featured_media":37837,"comment_status":"closed","ping_status":"closed","sticky":false,"template":"","format":"standard","meta":{"om_disable_all_campaigns":false,"inline_featured_image":false,"_monsterinsights_skip_tracking":false,"_monsterinsights_sitenote_active":false,"_monsterinsights_sitenote_note":"","_monsterinsights_sitenote_category":0,"_uf_show_specific_survey":0,"_uf_disable_surveys":false,"footnotes":""},"categories":[944,150,109,98],"tags":[1665,1475,1632],"class_list":["post-37855","post","type-post","status-publish","format-standard","has-post-thumbnail","hentry","category-acb-es","category-basquet-club-andorra-es","category-morabanc-andorra-es","category-noticia-es","tag-8e-trofeu-escaldes-engordany-es","tag-comu-escaldes-engordany-es","tag-temporada-2025-2026-es"],"aioseo_notices":[],"_links":{"self":[{"href":"https:\/\/www.bca.ad\/es\/wp-json\/wp\/v2\/posts\/37855","targetHints":{"allow":["GET"]}}],"collection":[{"href":"https:\/\/www.bca.ad\/es\/wp-json\/wp\/v2\/posts"}],"about":[{"href":"https:\/\/www.bca.ad\/es\/wp-json\/wp\/v2\/types\/post"}],"author":[{"embeddable":true,"href":"https:\/\/www.bca.ad\/es\/wp-json\/wp\/v2\/users\/102"}],"replies":[{"embeddable":true,"href":"https:\/\/www.bca.ad\/es\/wp-json\/wp\/v2\/comments?post=37855"}],"version-history":[{"count":0,"href":"https:\/\/www.bca.ad\/es\/wp-json\/wp\/v2\/posts\/37855\/revisions"}],"wp:featuredmedia":[{"embeddable":true,"href":"https:\/\/www.bca.ad\/es\/wp-json\/wp\/v2\/media\/37837"}],"wp:attachment":[{"href":"https:\/\/www.bca.ad\/es\/wp-json\/wp\/v2\/media?parent=37855"}],"wp:term":[{"taxonomy":"category","embeddable":true,"href":"https:\/\/www.bca.ad\/es\/wp-json\/wp\/v2\/categories?post=37855"},{"taxonomy":"post_tag","embeddable":true,"href":"https:\/\/www.bca.ad\/es\/wp-json\/wp\/v2\/tags?post=37855"}],"curies":[{"name":"wp","href":"https:\/\/api.w.org\/{rel}","templated":true}]}}