{"id":37956,"date":"2025-09-15T14:10:23","date_gmt":"2025-09-15T12:10:23","guid":{"rendered":"https:\/\/www.bca.ad\/el-iv-trofeu-andorra-la-vella-enfrentara-a-morabanc-andorra-y-baxi-manresa-con-finalidad-solidaria\/"},"modified":"2025-09-15T14:12:54","modified_gmt":"2025-09-15T12:12:54","slug":"el-iv-trofeu-andorra-la-vella-enfrentara-a-morabanc-andorra-y-baxi-manresa-con-finalidad-solidaria","status":"publish","type":"post","link":"https:\/\/www.bca.ad\/es\/el-iv-trofeu-andorra-la-vella-enfrentara-a-morabanc-andorra-y-baxi-manresa-con-finalidad-solidaria\/","title":{"rendered":"El IV Trofeu Andorra la Vella enfrentar\u00e1 a MoraBanc Andorra y BAXI Manresa con finalidad solidaria"},"content":{"rendered":"<p style=\"text-align: justify;\"><strong>El Pavell\u00f3 Toni Mart\u00ed acoger\u00e1 el duelo entre los dos equipos, con entradas a 5 euros y recaudaci\u00f3n \u00edntegra para la asociaci\u00f3n Hi Arribarem.<\/strong><\/p>\n<p>&nbsp;<\/p>\n<p style=\"text-align: justify;\">El Pavell\u00f3 Toni Mart\u00ed acoger\u00e1 el pr\u00f3ximo 26 de septiembre, a las 20 h, el IV Trofeu Andorra la Vella de baloncesto, que enfrentar\u00e1 al MoraBanc Andorra con el BAXI Manresa. Las entradas tendr\u00e1n un precio simb\u00f3lico de 5 euros (gratuitas para los menores de tres a\u00f1os) y la recaudaci\u00f3n se destinar\u00e1 \u00edntegramente a la asociaci\u00f3n Hi Arribarem, dedicada a facilitar el acceso a la monta\u00f1a a personas con diversidad funcional.<\/p>\n<p>&nbsp;<\/p>\n<p style=\"text-align: justify;\">La presentaci\u00f3n del torneo se ha realizado este lunes en Andorra la Vella con la participaci\u00f3n del c\u00f3nsul mayor, Sergi Gonz\u00e1lez, y del presidente del BC MoraBanc Andorra, Gorka Aix\u00e0s.<\/p>\n<p>&nbsp;<\/p>\n<p style=\"text-align: justify;\">Gonz\u00e1lez ha recordado que este ser\u00e1 el cuarto torneo disputado en el Pavell\u00f3 Toni Mart\u00ed y ha remarcado que la colaboraci\u00f3n entre el com\u00fa y el club llega ya a nueve a\u00f1os. El c\u00f3nsul ha explicado que este a\u00f1o las entradas tendr\u00e1n un precio simb\u00f3lico de 5 euros \u2014gratuito para los menores de tres a\u00f1os\u2014 y que se pueden adquirir a trav\u00e9s de la web del BC MoraBanc Andorra. La recaudaci\u00f3n se destinar\u00e1 \u00edntegramente a la asociaci\u00f3n Hi Arribarem, una entidad de Andorra la Vella que trabaja para que personas con diversidad funcional puedan disfrutar de la monta\u00f1a. Seg\u00fan ha a\u00f1adido, la asociaci\u00f3n ha recibido la noticia con mucha ilusi\u00f3n y agradecimiento: &#8220;Es un reconocimiento al trabajo de superaci\u00f3n y constancia que hacen d\u00eda a d\u00eda, y nos enorgullece poder colaborar con proyectos que comparten estos valores.&#8221;<\/p>\n<p>&nbsp;<\/p>\n<p style=\"text-align: justify;\">El c\u00f3nsul ha puesto de relieve que el BC MoraBanc Andorra es un embajador de los valores del deporte, del esfuerzo y del sacrificio, y tambi\u00e9n una herramienta de promoci\u00f3n de la parroquia y del pa\u00eds.<\/p>\n<p>&nbsp;<\/p>\n<p style=\"text-align: justify;\">Por su parte, Aix\u00e0s ha subrayado que el club &#8220;es de Andorra la Vella y hace vida en la parroquia&#8221;, donde tiene su sede social, m\u00e1s de veinte equipos de base y una escuela de baloncesto con m\u00e1s de 150 ni\u00f1os y ni\u00f1as. Ha remarcado que el torneo es una oportunidad para mostrar el v\u00ednculo con el com\u00fan y al mismo tiempo para presentarse ante la afici\u00f3n antes del inicio de la Liga. &#8220;Este partido tiene un valor especial porque se disputa en el pabell\u00f3n donde jugaremos el resto de la temporada. Es la mejor manera de conectar con el p\u00fablico y de integrar a los jugadores nuevos a nuestro ambiente&#8221;, ha explicado.<\/p>\n<p>&nbsp;<\/p>\n<p style=\"text-align: justify;\">El presidente tricolor ha destacado que el componente solidario da a\u00fan m\u00e1s sentido a la cita y ha a\u00f1adido que el club quiere contribuir a dar visibilidad a la asociaci\u00f3n Hi Arribarem.<\/p>\n<p>&nbsp;<br \/>\n&nbsp;<\/p>\n<p style=\"text-align: justify;\">\n<h3>&#8220;Festa al Carrer&#8221;, pr\u00f3logo del Trofeu<\/h3>\n<\/p>\n<p>&nbsp;<\/p>\n<p style=\"text-align: justify;\">Como preludio del IV Trofeu Andorra la Vella, el club celebrar\u00e1 la tradicional &#8220;Festa al Carrer&#8221; el s\u00e1bado 20 de septiembre, a las 18 h, frente a la sede central de MoraBanc, en medio de la avenida Meritxell. El acto servir\u00e1 para la presentaci\u00f3n oficial del primer equipo y de todos los conjuntos de la base, en la puesta de largo del proyecto deportivo de la temporada 2025\u20132026.<\/p>\n","protected":false},"excerpt":{"rendered":"<p>El Pavell\u00f3 Toni Mart\u00ed acoger\u00e1 el duelo entre los dos equipos, con entradas a 5 euros y recaudaci\u00f3n \u00edntegra para la asociaci\u00f3n Hi Arribarem. &nbsp; El Pavell\u00f3 Toni Mart\u00ed acoger\u00e1 el pr\u00f3ximo 26 de septiembre, a las 20 h, el IV Trofeu Andorra la Vella de baloncesto, que enfrentar\u00e1 al MoraBanc Andorra con el BAXI [&hellip;]<\/p>\n","protected":false},"author":102,"featured_media":37953,"comment_status":"closed","ping_status":"closed","sticky":false,"template":"","format":"standard","meta":{"om_disable_all_campaigns":false,"inline_featured_image":false,"_monsterinsights_skip_tracking":false,"_monsterinsights_sitenote_active":false,"_monsterinsights_sitenote_note":"","_monsterinsights_sitenote_category":0,"_uf_show_specific_survey":0,"_uf_disable_surveys":false,"footnotes":""},"categories":[944,150,109,98],"tags":[1060,1632,1667],"class_list":["post-37956","post","type-post","status-publish","format-standard","has-post-thumbnail","hentry","category-acb-es","category-basquet-club-andorra-es","category-morabanc-andorra-es","category-noticia-es","tag-pretemporada-es-2","tag-temporada-2025-2026-es","tag-trofeu-andorra-la-vella-es"],"aioseo_notices":[],"_links":{"self":[{"href":"https:\/\/www.bca.ad\/es\/wp-json\/wp\/v2\/posts\/37956","targetHints":{"allow":["GET"]}}],"collection":[{"href":"https:\/\/www.bca.ad\/es\/wp-json\/wp\/v2\/posts"}],"about":[{"href":"https:\/\/www.bca.ad\/es\/wp-json\/wp\/v2\/types\/post"}],"author":[{"embeddable":true,"href":"https:\/\/www.bca.ad\/es\/wp-json\/wp\/v2\/users\/102"}],"replies":[{"embeddable":true,"href":"https:\/\/www.bca.ad\/es\/wp-json\/wp\/v2\/comments?post=37956"}],"version-history":[{"count":0,"href":"https:\/\/www.bca.ad\/es\/wp-json\/wp\/v2\/posts\/37956\/revisions"}],"wp:featuredmedia":[{"embeddable":true,"href":"https:\/\/www.bca.ad\/es\/wp-json\/wp\/v2\/media\/37953"}],"wp:attachment":[{"href":"https:\/\/www.bca.ad\/es\/wp-json\/wp\/v2\/media?parent=37956"}],"wp:term":[{"taxonomy":"category","embeddable":true,"href":"https:\/\/www.bca.ad\/es\/wp-json\/wp\/v2\/categories?post=37956"},{"taxonomy":"post_tag","embeddable":true,"href":"https:\/\/www.bca.ad\/es\/wp-json\/wp\/v2\/tags?post=37956"}],"curies":[{"name":"wp","href":"https:\/\/api.w.org\/{rel}","templated":true}]}}