{"id":38533,"date":"2025-12-10T16:27:18","date_gmt":"2025-12-10T15:27:18","guid":{"rendered":"https:\/\/www.bca.ad\/tradicional-comida-de-navidad-con-los-usuarios-del-casal-calones\/"},"modified":"2025-12-12T10:01:40","modified_gmt":"2025-12-12T09:01:40","slug":"tradicional-comida-de-navidad-con-los-usuarios-del-casal-calones","status":"publish","type":"post","link":"https:\/\/www.bca.ad\/es\/tradicional-comida-de-navidad-con-los-usuarios-del-casal-calones\/","title":{"rendered":"Tradicional comida de Navidad con los usuarios del Casal Calones"},"content":{"rendered":"<p style=\"text-align: justify;\"><strong>Un encuentro emotivo que refuerza los v\u00ednculos entre el club y las personas mayores de Andorra la Vella.<\/strong><\/p>\n<p>&nbsp;<br \/>\nEl BC MoraBanc Andorra ha vuelto a participar en uno de los actos sociales m\u00e1s queridos del calendario navide\u00f1o: la comida con los ancianos y ancianas de Andorra la Vella, este a\u00f1o en el Centro de Congresos de Andorra la Vella. Este encuentro, convertido ya en tradici\u00f3n, representa un momento de calor, proximidad y reencuentro entre generaciones, y reafirma el compromiso del club con la comunidad.<\/p>\n<p>&nbsp;<\/p>\n<p style=\"text-align: justify;\">La delegaci\u00f3n tricolor ha estado encabezada por el presidente Gorka Aix\u00e0s, acompa\u00f1ado por los entrenadores del primer equipo \u2014Joan Plaza, Paco V\u00e1zquez, Alejandro Gonz\u00e1lez y Thomas Schreiner\u2014, as\u00ed como varios jugadores como Ferran Bassas, Rafa Luz, Aaron Ganal, Rub\u00e9n Guerrero, Chumi Ortega y Artem Pustovyi. Por parte del Com\u00fa de Andorra la Vella han asistido los c\u00f3nsules de la capital, Sergi Gonz\u00e1lez y Olalla Losada, acompa\u00f1ados de los consejeros de com\u00fan Jordi Cabanes, Marc Torrent, Maria Nazzaro, Eva Tadeo y Xavier Surana. Los c\u00f3nsules han ejercido de anfitriones y ha dado la bienvenida al club y a los padrinos con unas palabras de gratitud, deseando unas buenas fiestas a los asistentes.<\/p>\n<p>&nbsp;<\/p>\n<p style=\"text-align: justify;\">La comida se ha convertido, un a\u00f1o m\u00e1s, en un espacio donde los jugadores han podido conversar, escuchar historias y compartir risas con las personas mayores de la parroquia. El ambiente distendido ha favorecido una convivencia natural y espont\u00e1nea, con fotograf\u00edas, an\u00e9cdotas y momentos que han reforzado la complicidad entre todos los asistentes.<\/p>\n<p>&nbsp;<\/p>\n<p style=\"text-align: justify;\">Despu\u00e9s de la comida, la fiesta ha continuado con una actividad conjunta, uno de los momentos m\u00e1s esperados por los padrinos y tambi\u00e9n por los jugadores, que han participado con entusiasmo y buen humor. La actividad ha generado situaciones divertidas y ha permitido seguir compartiendo ratos de proximidad.<\/p>\n<p>&nbsp;<\/p>\n<p style=\"text-align: justify;\">El acto refuerza el esp\u00edritu navide\u00f1o y la voluntad del club de estar al lado de las personas mayores del pa\u00eds, un colectivo que forma parte del tejido emocional y social de nuestra comunidad. El club agradece la acogida y celebra, un a\u00f1o m\u00e1s, la complicidad de un acto que ya es parte de la identidad tricolor.<\/p>\n","protected":false},"excerpt":{"rendered":"<p>Un encuentro emotivo que refuerza los v\u00ednculos entre el club y las personas mayores de Andorra la Vella. &nbsp; El BC MoraBanc Andorra ha vuelto a participar en uno de los actos sociales m\u00e1s queridos del calendario navide\u00f1o: la comida con los ancianos y ancianas de Andorra la Vella, este a\u00f1o en el Centro de [&hellip;]<\/p>\n","protected":false},"author":102,"featured_media":38535,"comment_status":"closed","ping_status":"closed","sticky":false,"template":"","format":"standard","meta":{"om_disable_all_campaigns":false,"inline_featured_image":false,"_monsterinsights_skip_tracking":false,"_monsterinsights_sitenote_active":false,"_monsterinsights_sitenote_note":"","_monsterinsights_sitenote_category":0,"_uf_show_specific_survey":0,"_uf_disable_surveys":false,"footnotes":""},"categories":[150,109,98],"tags":[1712,662,1566,1632],"class_list":["post-38533","post","type-post","status-publish","format-standard","has-post-thumbnail","hentry","category-basquet-club-andorra-es","category-morabanc-andorra-es","category-noticia-es","tag-calones-es","tag-comu-dandorra-la-vella-es","tag-rsc-es","tag-temporada-2025-2026-es"],"aioseo_notices":[],"_links":{"self":[{"href":"https:\/\/www.bca.ad\/es\/wp-json\/wp\/v2\/posts\/38533","targetHints":{"allow":["GET"]}}],"collection":[{"href":"https:\/\/www.bca.ad\/es\/wp-json\/wp\/v2\/posts"}],"about":[{"href":"https:\/\/www.bca.ad\/es\/wp-json\/wp\/v2\/types\/post"}],"author":[{"embeddable":true,"href":"https:\/\/www.bca.ad\/es\/wp-json\/wp\/v2\/users\/102"}],"replies":[{"embeddable":true,"href":"https:\/\/www.bca.ad\/es\/wp-json\/wp\/v2\/comments?post=38533"}],"version-history":[{"count":0,"href":"https:\/\/www.bca.ad\/es\/wp-json\/wp\/v2\/posts\/38533\/revisions"}],"wp:featuredmedia":[{"embeddable":true,"href":"https:\/\/www.bca.ad\/es\/wp-json\/wp\/v2\/media\/38535"}],"wp:attachment":[{"href":"https:\/\/www.bca.ad\/es\/wp-json\/wp\/v2\/media?parent=38533"}],"wp:term":[{"taxonomy":"category","embeddable":true,"href":"https:\/\/www.bca.ad\/es\/wp-json\/wp\/v2\/categories?post=38533"},{"taxonomy":"post_tag","embeddable":true,"href":"https:\/\/www.bca.ad\/es\/wp-json\/wp\/v2\/tags?post=38533"}],"curies":[{"name":"wp","href":"https:\/\/api.w.org\/{rel}","templated":true}]}}