{"id":38929,"date":"2026-01-27T07:24:52","date_gmt":"2026-01-27T06:24:52","guid":{"rendered":"https:\/\/www.bca.ad\/mini-groc-grup-pirineu-competir-hasta-el-ultimo-punto\/"},"modified":"2026-01-28T07:41:09","modified_gmt":"2026-01-28T06:41:09","slug":"mini-groc-grup-pirineu-competir-hasta-el-ultimo-punto","status":"publish","type":"post","link":"https:\/\/www.bca.ad\/es\/mini-groc-grup-pirineu-competir-hasta-el-ultimo-punto\/","title":{"rendered":"Mini Groc Grup Pirineu, competir hasta el \u00faltimo punto"},"content":{"rendered":"<p style=\"text-align: justify;\"><strong>Victoria ajustada ante el CB Balaguer Grana (56\u201355) y fin de semana intenso para la base<\/strong><\/p>\n<p>&nbsp;<\/p>\n<p style=\"text-align: justify;\">El Mini Groc Grup Pirineu ha sumado una victoria muy ajustada ante el CB Balaguer Grana (56\u201355) en un partido intenso y muy entretenido, decidido en los \u00faltimos instantes y que ha puesto en valor el car\u00e1cter competitivo y la capacidad de lucha del equipo.<\/p>\n<p>&nbsp;<\/p>\n<p style=\"text-align: justify;\">La jornada de la base ha vuelto a poner el acento en el trabajo formativo, con un duelo muy igualado de principio a fin, marcado por un ritmo elevado y constantes alternativas en el marcador. Los tricolores han sabido mantenerse dentro del partido en todo momento, han competido con actitud y han luchado cada posesi\u00f3n hasta el pitido final.<\/p>\n<p>&nbsp;<\/p>\n<p style=\"text-align: justify;\">M\u00e1s all\u00e1 del resultado, el partido ha servido para identificar aspectos clave del proceso de aprendizaje ante un rival de nivel, especialmente en situaciones defensivas, el nivel de presi\u00f3n, el control del rebote y la transici\u00f3n ofensiva.<\/p>\n<p>&nbsp;<\/p>\n<p style=\"text-align: justify;\">El t\u00e9cnico del Mini Groc Grup Pirineu, Gerard Valero, ha valorado muy positivamente el esfuerzo del grupo, destacando el compromiso de sus jugadores: \u201cHa sido un partido muy entretenido. Estoy muy contento con mis jugadores, han luchado hasta el final\u201d. El t\u00e9cnico tambi\u00e9n ha se\u00f1alado aspectos de mejora propios del proceso formativo, como la necesidad de ser m\u00e1s s\u00f3lidos en defensa, aumentar la presi\u00f3n, correr mejor los contraataques y ser m\u00e1s contundentes en el rebote: \u201cNo podemos dar margen a equipos de esta magnitud. Debemos seguir corrigiendo detalles y continuar trabaj\u00e1ndolos durante la semana\u201d.<\/p>\n<p>&nbsp;<\/p>\n<p style=\"text-align: justify;\">Con esta victoria, el equipo ha reforzado su camino de crecimiento, basado en el aprendizaje constante, la autocr\u00edtica constructiva y la preparaci\u00f3n del pr\u00f3ximo partido.<\/p>\n<p>&nbsp;<\/p>\n<p style=\"text-align: justify;\">\n<h3>Resultados de la jornada<\/h3>\n<p>&nbsp;<\/p>\n<p style=\"text-align: justify;\"><strong>Categor\u00eda S\u00c9NIOR Undercoverlab<\/strong><\/p>\n<p>\u2013 AE Sant Andreu Natzaret A 73 \u2013 85 S\u00e8nior B We Singular<\/p>\n<p>\u2013 Rubies-Abat CEP Vallfogona 76 \u2013 38 S\u00e8nior Femen\u00ed Gala Perfumeries<\/p>\n<p>&nbsp;<\/p>\n<p style=\"text-align: justify;\"><strong>Categor\u00eda JUNIOR Andorra Telecom<\/strong><\/p>\n<p style=\"text-align: justify;\">\u2013 Motorola CB Sant Josep Badalona \u2013 JM 77 \u2013 66 J\u00fanior Vermell<\/p>\n<p style=\"text-align: justify;\">\u2013 Nayox For\u00e7a Lleida C 58 \u2013 64 J\u00fanior Groc<\/p>\n<p style=\"text-align: justify;\">\u2013 J\u00fanior Femen\u00ed Andorra Telecom 86 \u2013 48 CB Cervera Mobel Linea Verd<\/p>\n<p>&nbsp;<\/p>\n<p style=\"text-align: justify;\"><strong>Categor\u00eda CADETE Abast<\/strong><\/p>\n<p style=\"text-align: justify;\">\u2013 La Salle Manresa A 50 \u2013 89 Cadet Vermell Abast Andorra<\/p>\n<p style=\"text-align: justify;\">\u2013 Jet Terrassa U15 69 \u2013 68 Cadet Femen\u00ed<\/p>\n<p style=\"text-align: justify;\">\u2013 FC Martinenc B\u00e0squet U15 66 \u2013 74 Cadet 2011 GSD Academy<\/p>\n<p>&nbsp;<\/p>\n<p style=\"text-align: justify;\"><strong>Categor\u00eda INFANTIL GSD Academy<\/strong><\/p>\n<p style=\"text-align: justify;\">\u2013 B\u00e0squet Sant Pere Vermell 55 \u2013 69 Infantil Femen\u00ed N\u00faria Tintoreries<\/p>\n<p style=\"text-align: justify;\">\u2013 Infantil 2013 MATCH 76 \u2013 79 UB Sant Adri\u00e0 Groc<\/p>\n<p style=\"text-align: justify;\">\u2013 Pujol Mollerussa 77 \u2013 63 Pre-Infantil Femen\u00ed<\/p>\n<p>&nbsp;<\/p>\n<p style=\"text-align: justify;\"><strong>Categor\u00eda MINI MATCH<\/strong><\/p>\n<p style=\"text-align: justify;\">\u2013 Mini Vermell 53 \u2013 70 AE Minguella C<\/p>\n<p style=\"text-align: justify;\">\u2013 Mini Groc Grup Pirineu 56 \u2013 55 CB Balaguer Grana<\/p>\n<p style=\"text-align: justify;\">\u2013 CB Tor\u00e0 64 \u2013 14 Mini Femen\u00ed<\/p>\n<p style=\"text-align: justify;\">\u2013 Mini Blau BM Serveis 28 \u2013 78 CB Torregrossa<\/p>\n<p>&nbsp;<\/p>\n<p style=\"text-align: justify;\"><strong>Categor\u00eda PRE-MINI Andorra Capital<\/strong><\/p>\n<p style=\"text-align: justify;\">El Pre-Mini A Grup Rull y el Pre-Mini B han continuado compitiendo con firmeza en sus respectivas competiciones, con el objetivo de seguir aprendiendo y disfrutando del juego semana tras semana.<\/p>\n","protected":false},"excerpt":{"rendered":"<p>Victoria ajustada ante el CB Balaguer Grana (56\u201355) y fin de semana intenso para la base &nbsp; El Mini Groc Grup Pirineu ha sumado una victoria muy ajustada ante el CB Balaguer Grana (56\u201355) en un partido intenso y muy entretenido, decidido en los \u00faltimos instantes y que ha puesto en valor el car\u00e1cter competitivo [&hellip;]<\/p>\n","protected":false},"author":102,"featured_media":38928,"comment_status":"closed","ping_status":"closed","sticky":false,"template":"","format":"standard","meta":{"om_disable_all_campaigns":false,"inline_featured_image":false,"_monsterinsights_skip_tracking":false,"_monsterinsights_sitenote_active":false,"_monsterinsights_sitenote_note":"","_monsterinsights_sitenote_category":0,"_uf_show_specific_survey":0,"_uf_disable_surveys":false,"footnotes":""},"categories":[963,150,109,98],"tags":[220,1632],"class_list":["post-38929","post","type-post","status-publish","format-standard","has-post-thumbnail","hentry","category-base-es","category-basquet-club-andorra-es","category-morabanc-andorra-es","category-noticia-es","tag-base","tag-temporada-2025-2026-es"],"aioseo_notices":[],"_links":{"self":[{"href":"https:\/\/www.bca.ad\/es\/wp-json\/wp\/v2\/posts\/38929","targetHints":{"allow":["GET"]}}],"collection":[{"href":"https:\/\/www.bca.ad\/es\/wp-json\/wp\/v2\/posts"}],"about":[{"href":"https:\/\/www.bca.ad\/es\/wp-json\/wp\/v2\/types\/post"}],"author":[{"embeddable":true,"href":"https:\/\/www.bca.ad\/es\/wp-json\/wp\/v2\/users\/102"}],"replies":[{"embeddable":true,"href":"https:\/\/www.bca.ad\/es\/wp-json\/wp\/v2\/comments?post=38929"}],"version-history":[{"count":0,"href":"https:\/\/www.bca.ad\/es\/wp-json\/wp\/v2\/posts\/38929\/revisions"}],"wp:featuredmedia":[{"embeddable":true,"href":"https:\/\/www.bca.ad\/es\/wp-json\/wp\/v2\/media\/38928"}],"wp:attachment":[{"href":"https:\/\/www.bca.ad\/es\/wp-json\/wp\/v2\/media?parent=38929"}],"wp:term":[{"taxonomy":"category","embeddable":true,"href":"https:\/\/www.bca.ad\/es\/wp-json\/wp\/v2\/categories?post=38929"},{"taxonomy":"post_tag","embeddable":true,"href":"https:\/\/www.bca.ad\/es\/wp-json\/wp\/v2\/tags?post=38929"}],"curies":[{"name":"wp","href":"https:\/\/api.w.org\/{rel}","templated":true}]}}